{"id":11367,"date":"2024-11-14T07:26:51","date_gmt":"2024-11-14T06:26:51","guid":{"rendered":"http:\/\/kolo-nowaruda.klodzko.pttk.pl\/?p=11367"},"modified":"2024-11-14T07:26:51","modified_gmt":"2024-11-14T06:26:51","slug":"rajd-niepodleglosci","status":"publish","type":"post","link":"https:\/\/kolo-nowaruda.klodzko.pttk.pl\/index.php\/2024\/11\/14\/rajd-niepodleglosci\/","title":{"rendered":"Rajd Niepodleg\u0142o\u015bci"},"content":{"rendered":"\n<p>106 rocznic\u0119 Odzyskania Niepodleg\u0142o\u015bci Noworudzcy Gwarkowie \u015bwi\u0119towali na szczycie K\u0142odzkiej G\u00f3ry razem z Ko\u0142ami: K\u0142odzkim, W\u0119drownych Homolan, Kochamy Wyprawy, G\u00f3ry Wzywaj\u0105, Paczkowskim Ko\u0142em PTTK oraz z Oddzia\u0142em PTTK z Z\u0105bkowic \u015al\u0105skich i Klubem Czeskich Turyst\u00f3w z Czerwonego Kostelca.<\/p>\n\n\n\nngg_shortcode_0_placeholder\n","protected":false},"excerpt":{"rendered":"<p>106 rocznic\u0119 Odzyskania Niepodleg\u0142o\u015bci Noworudzcy Gwarkowie \u015bwi\u0119towali na szczycie K\u0142odzkiej G\u00f3ry razem z Ko\u0142ami: K\u0142odzkim, W\u0119drownych Homolan, Kochamy Wyprawy, G\u00f3ry Wzywaj\u0105, Paczkowskim Ko\u0142em PTTK oraz z Oddzia\u0142em PTTK z Z\u0105bkowic \u015al\u0105skich i Klubem Czeskich Turyst\u00f3w z Czerwonego Kostelca.<\/p>\n","protected":false},"author":3,"featured_media":0,"comment_status":"open","ping_status":"closed","sticky":false,"template":"","format":"standard","meta":{"ngg_post_thumbnail":0,"footnotes":""},"categories":[1],"tags":[],"class_list":["post-11367","post","type-post","status-publish","format-standard","hentry","category-bez-kategorii"],"_links":{"self":[{"href":"https:\/\/kolo-nowaruda.klodzko.pttk.pl\/index.php\/wp-json\/wp\/v2\/posts\/11367","targetHints":{"allow":["GET"]}}],"collection":[{"href":"https:\/\/kolo-nowaruda.klodzko.pttk.pl\/index.php\/wp-json\/wp\/v2\/posts"}],"about":[{"href":"https:\/\/kolo-nowaruda.klodzko.pttk.pl\/index.php\/wp-json\/wp\/v2\/types\/post"}],"author":[{"embeddable":true,"href":"https:\/\/kolo-nowaruda.klodzko.pttk.pl\/index.php\/wp-json\/wp\/v2\/users\/3"}],"replies":[{"embeddable":true,"href":"https:\/\/kolo-nowaruda.klodzko.pttk.pl\/index.php\/wp-json\/wp\/v2\/comments?post=11367"}],"version-history":[{"count":1,"href":"https:\/\/kolo-nowaruda.klodzko.pttk.pl\/index.php\/wp-json\/wp\/v2\/posts\/11367\/revisions"}],"predecessor-version":[{"id":11397,"href":"https:\/\/kolo-nowaruda.klodzko.pttk.pl\/index.php\/wp-json\/wp\/v2\/posts\/11367\/revisions\/11397"}],"wp:attachment":[{"href":"https:\/\/kolo-nowaruda.klodzko.pttk.pl\/index.php\/wp-json\/wp\/v2\/media?parent=11367"}],"wp:term":[{"taxonomy":"category","embeddable":true,"href":"https:\/\/kolo-nowaruda.klodzko.pttk.pl\/index.php\/wp-json\/wp\/v2\/categories?post=11367"},{"taxonomy":"post_tag","embeddable":true,"href":"https:\/\/kolo-nowaruda.klodzko.pttk.pl\/index.php\/wp-json\/wp\/v2\/tags?post=11367"}],"curies":[{"name":"wp","href":"https:\/\/api.w.org\/{rel}","templated":true}]}}