{"id":11597,"date":"2024-12-05T19:38:01","date_gmt":"2024-12-05T18:38:01","guid":{"rendered":"http:\/\/kolo-nowaruda.klodzko.pttk.pl\/?p=11597"},"modified":"2024-12-05T19:38:01","modified_gmt":"2024-12-05T18:38:01","slug":"barborka","status":"publish","type":"post","link":"https:\/\/kolo-nowaruda.klodzko.pttk.pl\/index.php\/2024\/12\/05\/barborka\/","title":{"rendered":"Barb\u00f3rka"},"content":{"rendered":"\n<p>W Barb\u00f3rk\u0119 4 grudnia czyli w dniu \u015bw. Barbary delegacja Gwark\u00f3w Noworudzkich z\u0142o\u017cy\u0142a kwiaty pod pomnikiem G\u00f3rnika na os. Wojska Polskiego w Nowej Rudzie-S\u0142upcu. Po uroczysto\u015bci z\u0142o\u017cenia kwiat\u00f3w, prowadzeni ulicami S\u0142upca przez Noworudzk\u0105 Orkiestr\u0119 G\u00f3rnicz\u0105 udali\u015bmy si\u0119 do ko\u015bcio\u0142a pod wezwaniem \u015bw. Katarzyny Aleksandryjskiej na msz\u0119 \u015bwi\u0119t\u0105 za G\u00f3rnik\u00f3w.<\/p>\n\n\n\nngg_shortcode_0_placeholder\n","protected":false},"excerpt":{"rendered":"<p>W Barb\u00f3rk\u0119 4 grudnia czyli w dniu \u015bw. Barbary delegacja Gwark\u00f3w Noworudzkich z\u0142o\u017cy\u0142a kwiaty pod pomnikiem G\u00f3rnika na os. Wojska Polskiego w Nowej Rudzie-S\u0142upcu. Po uroczysto\u015bci z\u0142o\u017cenia kwiat\u00f3w, prowadzeni ulicami S\u0142upca przez Noworudzk\u0105 Orkiestr\u0119 G\u00f3rnicz\u0105 udali\u015bmy si\u0119 do ko\u015bcio\u0142a pod wezwaniem \u015bw. Katarzyny Aleksandryjskiej na msz\u0119 \u015bwi\u0119t\u0105 za G\u00f3rnik\u00f3w.<\/p>\n","protected":false},"author":3,"featured_media":0,"comment_status":"open","ping_status":"closed","sticky":false,"template":"","format":"standard","meta":{"ngg_post_thumbnail":0,"footnotes":""},"categories":[1],"tags":[],"class_list":["post-11597","post","type-post","status-publish","format-standard","hentry","category-bez-kategorii"],"_links":{"self":[{"href":"https:\/\/kolo-nowaruda.klodzko.pttk.pl\/index.php\/wp-json\/wp\/v2\/posts\/11597","targetHints":{"allow":["GET"]}}],"collection":[{"href":"https:\/\/kolo-nowaruda.klodzko.pttk.pl\/index.php\/wp-json\/wp\/v2\/posts"}],"about":[{"href":"https:\/\/kolo-nowaruda.klodzko.pttk.pl\/index.php\/wp-json\/wp\/v2\/types\/post"}],"author":[{"embeddable":true,"href":"https:\/\/kolo-nowaruda.klodzko.pttk.pl\/index.php\/wp-json\/wp\/v2\/users\/3"}],"replies":[{"embeddable":true,"href":"https:\/\/kolo-nowaruda.klodzko.pttk.pl\/index.php\/wp-json\/wp\/v2\/comments?post=11597"}],"version-history":[{"count":1,"href":"https:\/\/kolo-nowaruda.klodzko.pttk.pl\/index.php\/wp-json\/wp\/v2\/posts\/11597\/revisions"}],"predecessor-version":[{"id":11613,"href":"https:\/\/kolo-nowaruda.klodzko.pttk.pl\/index.php\/wp-json\/wp\/v2\/posts\/11597\/revisions\/11613"}],"wp:attachment":[{"href":"https:\/\/kolo-nowaruda.klodzko.pttk.pl\/index.php\/wp-json\/wp\/v2\/media?parent=11597"}],"wp:term":[{"taxonomy":"category","embeddable":true,"href":"https:\/\/kolo-nowaruda.klodzko.pttk.pl\/index.php\/wp-json\/wp\/v2\/categories?post=11597"},{"taxonomy":"post_tag","embeddable":true,"href":"https:\/\/kolo-nowaruda.klodzko.pttk.pl\/index.php\/wp-json\/wp\/v2\/tags?post=11597"}],"curies":[{"name":"wp","href":"https:\/\/api.w.org\/{rel}","templated":true}]}}