{"id":11953,"date":"2025-01-18T21:33:20","date_gmt":"2025-01-18T20:33:20","guid":{"rendered":"https:\/\/kolo-nowaruda.klodzko.pttk.pl\/?p=11953"},"modified":"2025-01-19T20:29:13","modified_gmt":"2025-01-19T19:29:13","slug":"czerwony-slupiec","status":"publish","type":"post","link":"https:\/\/kolo-nowaruda.klodzko.pttk.pl\/index.php\/2025\/01\/18\/czerwony-slupiec\/","title":{"rendered":"Czerwony S\u0142upiec"},"content":{"rendered":"\n<h3 class=\"wp-block-heading\">Zimowy spacer na G\u00f3r\u0119 Wszystkich \u015awi\u0119tych.<\/h3>\n\n\n\n<p>Dnia 18 stycznia Gwarkowie Noworudzcy wraz z cz\u0142onkami Noworudzkiego Uniwersytetu Trzeciego Wieku wyruszyli na debiutanck\u0105 wycieczk\u0119 kolegi Wac\u0142awa Kocha, kt\u00f3ry ma ju\u017c 11-letni sta\u017c w naszym gronie.<\/p>\n\n\n\n<p>Trasa rozpocz\u0119\u0142a si\u0119 pod Pomnikiem G\u00f3rnika. Ruszyli\u015bmy przez Osiedle Wary\u0144skiego, znane jako \u201eZ\u0142odziej\u00f3wka\u201d (tym razem nic nie ukradli\u015bmy!). Nast\u0119pnie przeszli\u015bmy na czerwony szlak G\u0142\u00f3wny Sudecki. \u015anieg i \u015bliskie \u015bcie\u017cki nie u\u0142atwia\u0142y w\u0119dr\u00f3wki, ale dzielnie zdobyli\u015bmy G\u00f3r\u0119 Wszystkich \u015awi\u0119tych (648 m n.p.m.). Po odpoczynku i obowi\u0105zkowej sesji zdj\u0119ciowej skierowali\u015bmy si\u0119 w stron\u0119 Ko\u015bcio\u0142a na Ko\u015bcielcu.<\/p>\n\n\n\n<p>Tam odwiedzili\u015bmy ksi\u0119dza J\u00f3zefa, ale \u2013 ku naszemu zaskoczeniu \u2013 zastali\u015bmy jedynie zakonnic\u0119 pustelnic\u0119. Po kr\u00f3tkiej wizycie ruszyli\u015bmy w drog\u0119 powrotn\u0105 czerwonym szlakiem do S\u0142upca. Na zako\u0144czenie nie mog\u0142o zabrakn\u0105\u0107 tradycyjnego piwka i likierku \u2013 takie rzeczy to tylko w S\u0142upcu!<\/p>\n\n\n\n<p>Zwiedzili\u015bmy r\u00f3wnie\u017c Ko\u015bci\u00f3\u0142 \u015bw. Katarzyny Aleksandryjskiej z charakterystycznego czerwonego piaskowca, a przy okazji wr\u00f3cili\u015bmy wspomnieniami do szko\u0142y, znanej jako \u201eSzklarnia\u201d. To w\u0142a\u015bnie tam chodzi\u0142em do szko\u0142y.<\/p>\n\n\n\n<p>Wypraw\u0119 zako\u0144czyli\u015bmy pod Intermarch\u00e9. Dzi\u0119kuj\u0119 wszystkim uczestnikom, a tak\u017ce prezesowi, za t\u0119 wspania\u0142\u0105 przygod\u0119! \ud83d\ude0a<\/p>\n\n\n\n<p>(Tekst, zdj\u0119cia i prowadzenie wycieczki: Wac\u0142aw Koch)<\/p>\n\n\n\n<p>Punktacja GOT<br>Data: 18.01.2025<br>Trasa: S\u0142upiec &#8211; G\u00f3ra Wszystkich Swi\u0119tych &#8211; S\u0142upiec<br>Grupa: S.11<br>Punkty GOT: 5+3 = 8<\/p>\n\n\n\nngg_shortcode_0_placeholder\n","protected":false},"excerpt":{"rendered":"<p>Zimowy spacer na G\u00f3r\u0119 Wszystkich \u015awi\u0119tych. Dnia 18 stycznia Gwarkowie Noworudzcy wraz z cz\u0142onkami Noworudzkiego Uniwersytetu Trzeciego Wieku wyruszyli na debiutanck\u0105 wycieczk\u0119 kolegi Wac\u0142awa Kocha, kt\u00f3ry ma ju\u017c 11-letni sta\u017c w naszym gronie. Trasa rozpocz\u0119\u0142a si\u0119 pod Pomnikiem G\u00f3rnika. Ruszyli\u015bmy przez Osiedle Wary\u0144skiego, znane jako \u201eZ\u0142odziej\u00f3wka\u201d (tym razem nic nie ukradli\u015bmy!). Nast\u0119pnie przeszli\u015bmy na czerwony [&hellip;]<\/p>\n","protected":false},"author":141,"featured_media":0,"comment_status":"open","ping_status":"closed","sticky":false,"template":"","format":"standard","meta":{"ngg_post_thumbnail":0,"footnotes":""},"categories":[1],"tags":[],"class_list":["post-11953","post","type-post","status-publish","format-standard","hentry","category-bez-kategorii"],"_links":{"self":[{"href":"https:\/\/kolo-nowaruda.klodzko.pttk.pl\/index.php\/wp-json\/wp\/v2\/posts\/11953","targetHints":{"allow":["GET"]}}],"collection":[{"href":"https:\/\/kolo-nowaruda.klodzko.pttk.pl\/index.php\/wp-json\/wp\/v2\/posts"}],"about":[{"href":"https:\/\/kolo-nowaruda.klodzko.pttk.pl\/index.php\/wp-json\/wp\/v2\/types\/post"}],"author":[{"embeddable":true,"href":"https:\/\/kolo-nowaruda.klodzko.pttk.pl\/index.php\/wp-json\/wp\/v2\/users\/141"}],"replies":[{"embeddable":true,"href":"https:\/\/kolo-nowaruda.klodzko.pttk.pl\/index.php\/wp-json\/wp\/v2\/comments?post=11953"}],"version-history":[{"count":5,"href":"https:\/\/kolo-nowaruda.klodzko.pttk.pl\/index.php\/wp-json\/wp\/v2\/posts\/11953\/revisions"}],"predecessor-version":[{"id":11983,"href":"https:\/\/kolo-nowaruda.klodzko.pttk.pl\/index.php\/wp-json\/wp\/v2\/posts\/11953\/revisions\/11983"}],"wp:attachment":[{"href":"https:\/\/kolo-nowaruda.klodzko.pttk.pl\/index.php\/wp-json\/wp\/v2\/media?parent=11953"}],"wp:term":[{"taxonomy":"category","embeddable":true,"href":"https:\/\/kolo-nowaruda.klodzko.pttk.pl\/index.php\/wp-json\/wp\/v2\/categories?post=11953"},{"taxonomy":"post_tag","embeddable":true,"href":"https:\/\/kolo-nowaruda.klodzko.pttk.pl\/index.php\/wp-json\/wp\/v2\/tags?post=11953"}],"curies":[{"name":"wp","href":"https:\/\/api.w.org\/{rel}","templated":true}]}}