{"id":12351,"date":"2025-03-22T20:13:36","date_gmt":"2025-03-22T19:13:36","guid":{"rendered":"https:\/\/kolo-nowaruda.klodzko.pttk.pl\/?p=12351"},"modified":"2025-03-29T20:27:40","modified_gmt":"2025-03-29T19:27:40","slug":"zaproszenie","status":"publish","type":"post","link":"https:\/\/kolo-nowaruda.klodzko.pttk.pl\/index.php\/2025\/03\/22\/zaproszenie\/","title":{"rendered":"Rozpocz\u0119cie sezonu &#8211; Gruntowa 2025"},"content":{"rendered":"\n<p>29 marca 2025 roku blisko 40-osobowa grupa &#8222;Gwark\u00f3w Noworudzkich&#8221; pod kierunkiem PTG, kol. Andrzeja Wi\u015bniewskiego zameldowa\u0142a si\u0119 na ostatnim (?) przystanku komunikacji miejskiej w Drogos\u0142awiu.<br>Z przystanku &#8211; porwanym dyli\u017cansem &#8211; dotarli\u015bmy do Ludwikowic. Stamt\u0105d najpierw do Ko\u015bcio\u0142a pw. \u015bw. Micha\u0142a Archanio\u0142a &#8211; jednego z siedmiu Ko\u015bcio\u0142\u00f3w Ucieczkowych na \u015al\u0105sku i Ziemi K\u0142odzkiej. Po zwiedzeniu ko\u015bcio\u0142a czas na wizyt\u0119 nieopodal &#8211; przy dawnym Ko\u015bciele Ewangelickim. Przej\u015bcie pod lini\u0105 kolejow\u0105 LK286 i ju\u017c wspinamy si\u0119 na zbocza Wzg\u00f3rz Wyr\u0119bi\u0144skich. A tam ciekawostka &#8211; wij\u0105cy si\u0119 le\u015bnym zboczem Szlak Drewnianych Arbuz\u00f3w oraz wyskakuj\u0105ce znienacka Sowie \u0141awki. By\u0142y te\u017c kicaj\u0105ce zaj\u0105ce, kolorowe kredki i Sowie Kino. Dziwy nad dziwami.<\/p>\n\n\n\n<p>Z lasu na \u0142\u0105k\u0119 &#8211; tam rozpalili\u015bmy ognisko i zainaugurowali\u015bmy now\u0105, \u015bwieck\u0105 tradycj\u0119 przyj\u0119cia nowych Gwark\u00f3w do Ko\u0142a. By\u0142o \u015blubowanie na g\u00f3rniczej sk\u00f3rze, pami\u0105tkowy klocek g\u00f3rniczy i pasowanie na Gwarka. Rol\u0119 Ministra Kultury i Tradycji G\u00f3rniczej pe\u0142ni\u0142 kol. Andrzej Wi\u015bniewski.<\/p>\n\n\n\n<p>Z \u0142\u0105ki przeszli\u015bmy przy samym szczycie Gruntowej (kapitalne widoki!) i do szlaku zielonego w kierunku stacji kolejowej. A potem ju\u017c w d\u00f3\u0142 do Ludowikowic i powr\u00f3t (cz\u0119\u015bciowo pieszo) zn\u00f3w do przystanku komunikacji miejskiej w Drogos\u0142awiu.<br><\/p>\n\n\n\n<p>Za udzia\u0142 dzi\u0119kujemy i zapraszamy na kolejne wyprawy.<\/p>\n\n\n\n<p>(Fot. Witold Telus, Jolanta Wi\u015bniewska, Malina Wo\u017any)<\/p>\n\n\n\nngg_shortcode_0_placeholder\n","protected":false},"excerpt":{"rendered":"<p>29 marca 2025 roku blisko 40-osobowa grupa &#8222;Gwark\u00f3w Noworudzkich&#8221; pod kierunkiem PTG, kol. Andrzeja Wi\u015bniewskiego zameldowa\u0142a si\u0119 na ostatnim (?) przystanku komunikacji miejskiej w Drogos\u0142awiu.Z przystanku &#8211; porwanym dyli\u017cansem &#8211; dotarli\u015bmy do Ludwikowic. Stamt\u0105d najpierw do Ko\u015bcio\u0142a pw. \u015bw. Micha\u0142a Archanio\u0142a &#8211; jednego z siedmiu Ko\u015bcio\u0142\u00f3w Ucieczkowych na \u015al\u0105sku i Ziemi K\u0142odzkiej. Po zwiedzeniu ko\u015bcio\u0142a [&hellip;]<\/p>\n","protected":false},"author":3,"featured_media":0,"comment_status":"open","ping_status":"closed","sticky":false,"template":"","format":"standard","meta":{"ngg_post_thumbnail":0,"footnotes":""},"categories":[1],"tags":[],"class_list":["post-12351","post","type-post","status-publish","format-standard","hentry","category-bez-kategorii"],"_links":{"self":[{"href":"https:\/\/kolo-nowaruda.klodzko.pttk.pl\/index.php\/wp-json\/wp\/v2\/posts\/12351","targetHints":{"allow":["GET"]}}],"collection":[{"href":"https:\/\/kolo-nowaruda.klodzko.pttk.pl\/index.php\/wp-json\/wp\/v2\/posts"}],"about":[{"href":"https:\/\/kolo-nowaruda.klodzko.pttk.pl\/index.php\/wp-json\/wp\/v2\/types\/post"}],"author":[{"embeddable":true,"href":"https:\/\/kolo-nowaruda.klodzko.pttk.pl\/index.php\/wp-json\/wp\/v2\/users\/3"}],"replies":[{"embeddable":true,"href":"https:\/\/kolo-nowaruda.klodzko.pttk.pl\/index.php\/wp-json\/wp\/v2\/comments?post=12351"}],"version-history":[{"count":3,"href":"https:\/\/kolo-nowaruda.klodzko.pttk.pl\/index.php\/wp-json\/wp\/v2\/posts\/12351\/revisions"}],"predecessor-version":[{"id":12603,"href":"https:\/\/kolo-nowaruda.klodzko.pttk.pl\/index.php\/wp-json\/wp\/v2\/posts\/12351\/revisions\/12603"}],"wp:attachment":[{"href":"https:\/\/kolo-nowaruda.klodzko.pttk.pl\/index.php\/wp-json\/wp\/v2\/media?parent=12351"}],"wp:term":[{"taxonomy":"category","embeddable":true,"href":"https:\/\/kolo-nowaruda.klodzko.pttk.pl\/index.php\/wp-json\/wp\/v2\/categories?post=12351"},{"taxonomy":"post_tag","embeddable":true,"href":"https:\/\/kolo-nowaruda.klodzko.pttk.pl\/index.php\/wp-json\/wp\/v2\/tags?post=12351"}],"curies":[{"name":"wp","href":"https:\/\/api.w.org\/{rel}","templated":true}]}}