{"id":13760,"date":"2025-08-17T16:33:54","date_gmt":"2025-08-17T14:33:54","guid":{"rendered":"https:\/\/kolo-nowaruda.klodzko.pttk.pl\/?p=13760"},"modified":"2025-08-17T16:33:54","modified_gmt":"2025-08-17T14:33:54","slug":"dzikowiec-wielki","status":"publish","type":"post","link":"https:\/\/kolo-nowaruda.klodzko.pttk.pl\/index.php\/2025\/08\/17\/dzikowiec-wielki\/","title":{"rendered":"Dzikowiec Wielki."},"content":{"rendered":"\n<figure class=\"wp-block-image size-large\"><img loading=\"lazy\" decoding=\"async\" width=\"768\" height=\"1024\" src=\"https:\/\/kolo-nowaruda.klodzko.pttk.pl\/wp-content\/uploads\/2025\/08\/IMG-20250817-WA0033-768x1024.jpg\" alt=\"\" class=\"wp-image-13761\" srcset=\"https:\/\/kolo-nowaruda.klodzko.pttk.pl\/wp-content\/uploads\/2025\/08\/IMG-20250817-WA0033-768x1024.jpg 768w, https:\/\/kolo-nowaruda.klodzko.pttk.pl\/wp-content\/uploads\/2025\/08\/IMG-20250817-WA0033-225x300.jpg 225w, https:\/\/kolo-nowaruda.klodzko.pttk.pl\/wp-content\/uploads\/2025\/08\/IMG-20250817-WA0033-1152x1536.jpg 1152w, https:\/\/kolo-nowaruda.klodzko.pttk.pl\/wp-content\/uploads\/2025\/08\/IMG-20250817-WA0033.jpg 1530w\" sizes=\"auto, (max-width: 768px) 100vw, 768px\" \/><\/figure>\n\n\n\n<p>W dniu 15 sierpnia 2025 Gwarkowie wybrali si\u0119 na Dzikowiec Wielki podziwia\u0107 widoki z nowej wie\u017cy widokowej. Prowadzeni przez Edzia zgodnie z gwarkowym has\u0142em &#8222;znowu pod g\u00f3r\u0119&#8230; &#8211; a mia\u0142o by\u0107 \u0142atwo&#8230;&#8221; poszli\u015bmy najpierw nabi\u0107 kilometry id\u0105c pod Czarn\u0105 G\u00f3r\u0119, sk\u0105d zielonym szlakiem przez Dzikowiec Ma\u0142y 696m. i \u0141yse Drzewo 757m. doszli\u015bmy na Dzikowiec Wielki 836m. gdzie po posileniu si\u0119 i wyj\u015bciu na wie\u017c\u0119 podziwiali\u015bmy panoramy okolicznych g\u00f3r.<\/p>\n\n\n\nngg_shortcode_0_placeholder\n","protected":false},"excerpt":{"rendered":"<p>W dniu 15 sierpnia 2025 Gwarkowie wybrali si\u0119 na Dzikowiec Wielki podziwia\u0107 widoki z nowej wie\u017cy widokowej. Prowadzeni przez Edzia zgodnie z gwarkowym has\u0142em &#8222;znowu pod g\u00f3r\u0119&#8230; &#8211; a mia\u0142o by\u0107 \u0142atwo&#8230;&#8221; poszli\u015bmy najpierw nabi\u0107 kilometry id\u0105c pod Czarn\u0105 G\u00f3r\u0119, sk\u0105d zielonym szlakiem przez Dzikowiec Ma\u0142y 696m. i \u0141yse Drzewo 757m. doszli\u015bmy na Dzikowiec Wielki [&hellip;]<\/p>\n","protected":false},"author":3,"featured_media":0,"comment_status":"open","ping_status":"closed","sticky":false,"template":"","format":"standard","meta":{"ngg_post_thumbnail":0,"footnotes":""},"categories":[7],"tags":[],"class_list":["post-13760","post","type-post","status-publish","format-standard","hentry","category-relacje"],"_links":{"self":[{"href":"https:\/\/kolo-nowaruda.klodzko.pttk.pl\/index.php\/wp-json\/wp\/v2\/posts\/13760","targetHints":{"allow":["GET"]}}],"collection":[{"href":"https:\/\/kolo-nowaruda.klodzko.pttk.pl\/index.php\/wp-json\/wp\/v2\/posts"}],"about":[{"href":"https:\/\/kolo-nowaruda.klodzko.pttk.pl\/index.php\/wp-json\/wp\/v2\/types\/post"}],"author":[{"embeddable":true,"href":"https:\/\/kolo-nowaruda.klodzko.pttk.pl\/index.php\/wp-json\/wp\/v2\/users\/3"}],"replies":[{"embeddable":true,"href":"https:\/\/kolo-nowaruda.klodzko.pttk.pl\/index.php\/wp-json\/wp\/v2\/comments?post=13760"}],"version-history":[{"count":1,"href":"https:\/\/kolo-nowaruda.klodzko.pttk.pl\/index.php\/wp-json\/wp\/v2\/posts\/13760\/revisions"}],"predecessor-version":[{"id":13781,"href":"https:\/\/kolo-nowaruda.klodzko.pttk.pl\/index.php\/wp-json\/wp\/v2\/posts\/13760\/revisions\/13781"}],"wp:attachment":[{"href":"https:\/\/kolo-nowaruda.klodzko.pttk.pl\/index.php\/wp-json\/wp\/v2\/media?parent=13760"}],"wp:term":[{"taxonomy":"category","embeddable":true,"href":"https:\/\/kolo-nowaruda.klodzko.pttk.pl\/index.php\/wp-json\/wp\/v2\/categories?post=13760"},{"taxonomy":"post_tag","embeddable":true,"href":"https:\/\/kolo-nowaruda.klodzko.pttk.pl\/index.php\/wp-json\/wp\/v2\/tags?post=13760"}],"curies":[{"name":"wp","href":"https:\/\/api.w.org\/{rel}","templated":true}]}}