{"id":14245,"date":"2025-12-15T14:25:58","date_gmt":"2025-12-15T13:25:58","guid":{"rendered":"https:\/\/kolo-nowaruda.klodzko.pttk.pl\/?p=14245"},"modified":"2025-12-15T17:47:24","modified_gmt":"2025-12-15T16:47:24","slug":"wladze-iv-kadencji-wybrane","status":"publish","type":"post","link":"https:\/\/kolo-nowaruda.klodzko.pttk.pl\/index.php\/2025\/12\/15\/wladze-iv-kadencji-wybrane\/","title":{"rendered":"W\u0142adze IV Kadencji wybrane!"},"content":{"rendered":"\n<figure class=\"wp-block-image size-large\"><img loading=\"lazy\" decoding=\"async\" width=\"1024\" height=\"768\" src=\"https:\/\/kolo-nowaruda.klodzko.pttk.pl\/wp-content\/uploads\/2025\/12\/WhatsApp-Image-2025-12-14-at-20.10.39-1024x768.jpeg\" alt=\"\" class=\"wp-image-14246\" srcset=\"https:\/\/kolo-nowaruda.klodzko.pttk.pl\/wp-content\/uploads\/2025\/12\/WhatsApp-Image-2025-12-14-at-20.10.39-1024x768.jpeg 1024w, https:\/\/kolo-nowaruda.klodzko.pttk.pl\/wp-content\/uploads\/2025\/12\/WhatsApp-Image-2025-12-14-at-20.10.39-300x225.jpeg 300w, https:\/\/kolo-nowaruda.klodzko.pttk.pl\/wp-content\/uploads\/2025\/12\/WhatsApp-Image-2025-12-14-at-20.10.39-768x576.jpeg 768w, https:\/\/kolo-nowaruda.klodzko.pttk.pl\/wp-content\/uploads\/2025\/12\/WhatsApp-Image-2025-12-14-at-20.10.39-1536x1152.jpeg 1536w, https:\/\/kolo-nowaruda.klodzko.pttk.pl\/wp-content\/uploads\/2025\/12\/WhatsApp-Image-2025-12-14-at-20.10.39.jpeg 1600w\" sizes=\"auto, (max-width: 1024px) 100vw, 1024px\" \/><\/figure>\n\n\n\n<p>14 grudnia 2025 roku Walne Zebranie Sprawozdawczo-Wyborcze Ko\u0142a wybra\u0142o nowe w\u0142adze.<br>Gratulujemy nowo powo\u0142anym cz\u0142onkom Zarz\u0105du Ko\u0142a oraz Komisji Rewizyjnej Ko\u0142a.<\/p>\n\n\n\n<p>Kole\u017cankom i Kolegom Delegatom \u017cyczymy owocnych obrad podczas Walnego Zjazdu Oddzia\u0142u PTTK &#8222;Ziemi K\u0142odzkiej&#8221; w K\u0142odzku.<\/p>\n\n\n\n<p>Od 14.12.2025 roku w\u0142adzami Ko\u0142a b\u0119d\u0105:<\/p>\n\n\n\n<p><strong>Prezes Zarz\u0105du:<\/strong>&nbsp;Jaros\u0142aw Zychowicz<br><strong>Wiceprezes Zarz\u0105du<\/strong>: El\u017cbieta Bisikiewicz<br><strong>Sekretarz:<\/strong> Witold Telus<br><strong>Skarbnik Zarz\u0105du:<\/strong>&nbsp;Edward Soja<br><strong>Cz\u0142onek Zarz\u0105du:<\/strong>&nbsp;Andrzej Wi\u015bniewski<\/p>\n\n\n\n<p><strong>Komisja Rewizyjna Ko\u0142a:<\/strong><br>Renata Le\u015bniarek<br>J\u00f3zef Sobstyl<br>Kazimierz Czy\u017cewski<\/p>\n\n\n\n<p><strong>Delegaci na Walny Zjazd Oddzia\u0142u PTTK &#8222;Ziemi K\u0142odzkiej w K\u0142odzku&#8221;:<\/strong><br>Jaros\u0142aw Zychowicz<br>El\u017cbieta Bisikiewicz<br>Edward Soja<br>Witold Telus<\/p>\n","protected":false},"excerpt":{"rendered":"<p>14 grudnia 2025 roku Walne Zebranie Sprawozdawczo-Wyborcze Ko\u0142a wybra\u0142o nowe w\u0142adze.Gratulujemy nowo powo\u0142anym cz\u0142onkom Zarz\u0105du Ko\u0142a oraz Komisji Rewizyjnej Ko\u0142a. Kole\u017cankom i Kolegom Delegatom \u017cyczymy owocnych obrad podczas Walnego Zjazdu Oddzia\u0142u PTTK &#8222;Ziemi K\u0142odzkiej&#8221; w K\u0142odzku. Od 14.12.2025 roku w\u0142adzami Ko\u0142a b\u0119d\u0105: Prezes Zarz\u0105du:&nbsp;Jaros\u0142aw ZychowiczWiceprezes Zarz\u0105du: El\u017cbieta BisikiewiczSekretarz: Witold TelusSkarbnik Zarz\u0105du:&nbsp;Edward SojaCz\u0142onek Zarz\u0105du:&nbsp;Andrzej Wi\u015bniewski Komisja [&hellip;]<\/p>\n","protected":false},"author":143,"featured_media":14246,"comment_status":"open","ping_status":"closed","sticky":false,"template":"","format":"standard","meta":{"ngg_post_thumbnail":0,"footnotes":""},"categories":[1],"tags":[],"class_list":["post-14245","post","type-post","status-publish","format-standard","has-post-thumbnail","hentry","category-bez-kategorii"],"_links":{"self":[{"href":"https:\/\/kolo-nowaruda.klodzko.pttk.pl\/index.php\/wp-json\/wp\/v2\/posts\/14245","targetHints":{"allow":["GET"]}}],"collection":[{"href":"https:\/\/kolo-nowaruda.klodzko.pttk.pl\/index.php\/wp-json\/wp\/v2\/posts"}],"about":[{"href":"https:\/\/kolo-nowaruda.klodzko.pttk.pl\/index.php\/wp-json\/wp\/v2\/types\/post"}],"author":[{"embeddable":true,"href":"https:\/\/kolo-nowaruda.klodzko.pttk.pl\/index.php\/wp-json\/wp\/v2\/users\/143"}],"replies":[{"embeddable":true,"href":"https:\/\/kolo-nowaruda.klodzko.pttk.pl\/index.php\/wp-json\/wp\/v2\/comments?post=14245"}],"version-history":[{"count":3,"href":"https:\/\/kolo-nowaruda.klodzko.pttk.pl\/index.php\/wp-json\/wp\/v2\/posts\/14245\/revisions"}],"predecessor-version":[{"id":14250,"href":"https:\/\/kolo-nowaruda.klodzko.pttk.pl\/index.php\/wp-json\/wp\/v2\/posts\/14245\/revisions\/14250"}],"wp:featuredmedia":[{"embeddable":true,"href":"https:\/\/kolo-nowaruda.klodzko.pttk.pl\/index.php\/wp-json\/wp\/v2\/media\/14246"}],"wp:attachment":[{"href":"https:\/\/kolo-nowaruda.klodzko.pttk.pl\/index.php\/wp-json\/wp\/v2\/media?parent=14245"}],"wp:term":[{"taxonomy":"category","embeddable":true,"href":"https:\/\/kolo-nowaruda.klodzko.pttk.pl\/index.php\/wp-json\/wp\/v2\/categories?post=14245"},{"taxonomy":"post_tag","embeddable":true,"href":"https:\/\/kolo-nowaruda.klodzko.pttk.pl\/index.php\/wp-json\/wp\/v2\/tags?post=14245"}],"curies":[{"name":"wp","href":"https:\/\/api.w.org\/{rel}","templated":true}]}}