{"id":14311,"date":"2026-01-04T17:49:49","date_gmt":"2026-01-04T16:49:49","guid":{"rendered":"https:\/\/kolo-nowaruda.klodzko.pttk.pl\/?p=14311"},"modified":"2026-01-12T14:01:54","modified_gmt":"2026-01-12T13:01:54","slug":"zaproszenie-2","status":"publish","type":"post","link":"https:\/\/kolo-nowaruda.klodzko.pttk.pl\/index.php\/2026\/01\/04\/zaproszenie-2\/","title":{"rendered":"Pierwszy spacer zimowy 2026"},"content":{"rendered":"\n<figure class=\"wp-block-gallery has-nested-images columns-default is-cropped wp-block-gallery-1 is-layout-flex wp-block-gallery-is-layout-flex\"><\/figure>\n\n\n\n<p>Gwarkowie Noworudzcy wraz z Uniwersytetem Trzeciego Wieku spotkali si\u0119 w dniu <strong>10.01.2026 r.<\/strong> na <strong>I spacerze zimowym<\/strong>. Miejscem zbi\u00f3rki by\u0142a stacja kolejowa <strong>Nowa Ruda S\u0142upiec<\/strong> \u2013 ostatni czynny odcinek kolei sowiog\u00f3rskiej, wybudowanej w latach <strong>1897\u20131903<\/strong>. Trasa wiod\u0142a od <strong>Dzier\u017coniowa<\/strong> przez <strong>Srebrn\u0105 G\u00f3r\u0119<\/strong> do <strong>\u015acinawki \u015aredniej<\/strong> i liczy\u0142a <strong>62 km<\/strong>. Odcinek <strong>Dzier\u017coni\u00f3w \u2013 Srebrna G\u00f3ra<\/strong> zosta\u0142 zamkni\u0119ty w <strong>1934 r.<\/strong> Do dnia dzisiejszego pozosta\u0142 odcinek <strong>\u015acinawka \u015arednia \u2013 Nowa Ruda S\u0142upiec<\/strong>, na kt\u00f3rym odbywa si\u0119 tylko ruch towarowy zwi\u0105zany z przewozem kruszywa.<\/p>\n\n\n\n<p>Po wsp\u00f3lnej fotografii wyruszyli\u015bmy w pi\u0119knej, zimowej scenerii tras\u0105 rowerow\u0105 w kierunku Zak\u0142adu Przer\u00f3bki Czerwonego Piaskowca, do szlaku m\u0142oteczkowego i dalej do wiaty na Zielonej Dolinie. Rozpalili\u015bmy ognisko i wkr\u00f3tce zapachnia\u0142o kie\u0142baskami. Po degustacji, w dobrych humorach i s\u0142onecznej aurze, powr\u00f3cili\u015bmy do miejsca startu, gdzie rozeszli\u015bmy si\u0119 do swoich dom\u00f3w.<\/p>\n\n\n\n<p>Dzi\u0119kuj\u0119 wszystkim uczestnikom za udzia\u0142 i zapraszam na <strong>II spacer zimowy 24.01.2026 r.<\/strong><\/p>\n\n\n\n<p>Spacer prowadzi\u0142 i opisa\u0142: <strong>PTG Edward Soja<\/strong><br>Zdj\u0119cia: <strong>E. Soja, Katarzyna Zychowicz, Kazimierz Czy\u017cewski<\/strong><\/p>\n\n\n\n<figure class=\"wp-block-image size-full\"><img loading=\"lazy\" decoding=\"async\" width=\"773\" height=\"251\" src=\"https:\/\/kolo-nowaruda.klodzko.pttk.pl\/wp-content\/uploads\/2026\/01\/image.png\" alt=\"\" class=\"wp-image-14327\" srcset=\"https:\/\/kolo-nowaruda.klodzko.pttk.pl\/wp-content\/uploads\/2026\/01\/image.png 773w, https:\/\/kolo-nowaruda.klodzko.pttk.pl\/wp-content\/uploads\/2026\/01\/image-300x97.png 300w, https:\/\/kolo-nowaruda.klodzko.pttk.pl\/wp-content\/uploads\/2026\/01\/image-768x249.png 768w\" sizes=\"auto, (max-width: 773px) 100vw, 773px\" \/><\/figure>\n\n\n\nngg_shortcode_0_placeholder\n","protected":false},"excerpt":{"rendered":"<p>Gwarkowie Noworudzcy wraz z Uniwersytetem Trzeciego Wieku spotkali si\u0119 w dniu 10.01.2026 r. na I spacerze zimowym. Miejscem zbi\u00f3rki by\u0142a stacja kolejowa Nowa Ruda S\u0142upiec \u2013 ostatni czynny odcinek kolei sowiog\u00f3rskiej, wybudowanej w latach 1897\u20131903. Trasa wiod\u0142a od Dzier\u017coniowa przez Srebrn\u0105 G\u00f3r\u0119 do \u015acinawki \u015aredniej i liczy\u0142a 62 km. Odcinek Dzier\u017coni\u00f3w \u2013 Srebrna G\u00f3ra zosta\u0142 [&hellip;]<\/p>\n","protected":false},"author":143,"featured_media":14331,"comment_status":"open","ping_status":"closed","sticky":false,"template":"","format":"standard","meta":{"ngg_post_thumbnail":0,"footnotes":""},"categories":[7],"tags":[],"class_list":["post-14311","post","type-post","status-publish","format-standard","has-post-thumbnail","hentry","category-relacje"],"_links":{"self":[{"href":"https:\/\/kolo-nowaruda.klodzko.pttk.pl\/index.php\/wp-json\/wp\/v2\/posts\/14311","targetHints":{"allow":["GET"]}}],"collection":[{"href":"https:\/\/kolo-nowaruda.klodzko.pttk.pl\/index.php\/wp-json\/wp\/v2\/posts"}],"about":[{"href":"https:\/\/kolo-nowaruda.klodzko.pttk.pl\/index.php\/wp-json\/wp\/v2\/types\/post"}],"author":[{"embeddable":true,"href":"https:\/\/kolo-nowaruda.klodzko.pttk.pl\/index.php\/wp-json\/wp\/v2\/users\/143"}],"replies":[{"embeddable":true,"href":"https:\/\/kolo-nowaruda.klodzko.pttk.pl\/index.php\/wp-json\/wp\/v2\/comments?post=14311"}],"version-history":[{"count":4,"href":"https:\/\/kolo-nowaruda.klodzko.pttk.pl\/index.php\/wp-json\/wp\/v2\/posts\/14311\/revisions"}],"predecessor-version":[{"id":14332,"href":"https:\/\/kolo-nowaruda.klodzko.pttk.pl\/index.php\/wp-json\/wp\/v2\/posts\/14311\/revisions\/14332"}],"wp:featuredmedia":[{"embeddable":true,"href":"https:\/\/kolo-nowaruda.klodzko.pttk.pl\/index.php\/wp-json\/wp\/v2\/media\/14331"}],"wp:attachment":[{"href":"https:\/\/kolo-nowaruda.klodzko.pttk.pl\/index.php\/wp-json\/wp\/v2\/media?parent=14311"}],"wp:term":[{"taxonomy":"category","embeddable":true,"href":"https:\/\/kolo-nowaruda.klodzko.pttk.pl\/index.php\/wp-json\/wp\/v2\/categories?post=14311"},{"taxonomy":"post_tag","embeddable":true,"href":"https:\/\/kolo-nowaruda.klodzko.pttk.pl\/index.php\/wp-json\/wp\/v2\/tags?post=14311"}],"curies":[{"name":"wp","href":"https:\/\/api.w.org\/{rel}","templated":true}]}}