{"id":14419,"date":"2026-02-14T22:42:10","date_gmt":"2026-02-14T21:42:10","guid":{"rendered":"https:\/\/kolo-nowaruda.klodzko.pttk.pl\/?p=14419"},"modified":"2026-02-15T22:04:49","modified_gmt":"2026-02-15T21:04:49","slug":"spacer-walentynowy","status":"publish","type":"post","link":"https:\/\/kolo-nowaruda.klodzko.pttk.pl\/index.php\/2026\/02\/14\/spacer-walentynowy\/","title":{"rendered":"Spacer walentynowy"},"content":{"rendered":"\n<p>W mglisty i lekko deszczowy poranek Gwarkowie Noworudzcy wraz z Uniwersytetem Trzeciego Wieku w dniu <strong>24.02.2026 r.<\/strong> udali si\u0119 na <strong>IV spacer zimowy<\/strong> pod przewodnictwem <strong>PTG Andrzeja Wi\u015bniewskiego<\/strong>. Po powitaniu i skromnym pocz\u0119stunku s\u0142odko\u015bci\u0105 \u201eSpacer Walentynkowy\u201d czas zacz\u0105\u0107. Z uwagi na wyst\u0119puj\u0105ce oblodzenie zmienili\u015bmy tras\u0119 \u2013 udali\u015bmy si\u0119 szlakiem zielonym w kierunku g\u00f3ry \u015aw. Anny do nowo powsta\u0142ej trasy rowerowej. Nast\u0119pnie zeszli\u015bmy tras\u0105 rowerow\u0105, kt\u00f3ra przecina szlak \u017c\u00f3\u0142ty i Kapliczki Duszne, a\u017c dotarli\u015bmy, lekko ob\u0142oceni, do Prze\u0142\u0119czy pod Kopcem. Przy wiacie czeka\u0142o ognisko. Tradycyjnie przyniesione smako\u0142yki zawis\u0142y nad ogniskiem (niekt\u00f3rzy piekli w ogniu). Wsp\u00f3lna fotografia i powr\u00f3t, ale ju\u017c drog\u0105 asfaltow\u0105 (b\u0142oto ju\u017c nam zbrzyd\u0142o), do miejsca startu \u2013 MOK. Dzi\u0119kuj\u0119 wszystkim uczestnikom za udzia\u0142.<\/p>\n\n\n\n<figure class=\"wp-block-image size-full\"><img loading=\"lazy\" decoding=\"async\" width=\"621\" height=\"207\" src=\"https:\/\/kolo-nowaruda.klodzko.pttk.pl\/wp-content\/uploads\/2026\/02\/image.png\" alt=\"\" class=\"wp-image-14424\" srcset=\"https:\/\/kolo-nowaruda.klodzko.pttk.pl\/wp-content\/uploads\/2026\/02\/image.png 621w, https:\/\/kolo-nowaruda.klodzko.pttk.pl\/wp-content\/uploads\/2026\/02\/image-300x100.png 300w\" sizes=\"auto, (max-width: 621px) 100vw, 621px\" \/><\/figure>\n\n\n\n<p><strong>Spacer prowadzi\u0142:<\/strong> PTG Andrzej Wi\u015bniewski<br><strong>Opisa\u0142:<\/strong> PTG Edward Soja<\/p>\n\n\n\nngg_shortcode_0_placeholder\n","protected":false},"excerpt":{"rendered":"<p>W mglisty i lekko deszczowy poranek Gwarkowie Noworudzcy wraz z Uniwersytetem Trzeciego Wieku w dniu 24.02.2026 r. udali si\u0119 na IV spacer zimowy pod przewodnictwem PTG Andrzeja Wi\u015bniewskiego. Po powitaniu i skromnym pocz\u0119stunku s\u0142odko\u015bci\u0105 \u201eSpacer Walentynkowy\u201d czas zacz\u0105\u0107. Z uwagi na wyst\u0119puj\u0105ce oblodzenie zmienili\u015bmy tras\u0119 \u2013 udali\u015bmy si\u0119 szlakiem zielonym w kierunku g\u00f3ry \u015aw. Anny [&hellip;]<\/p>\n","protected":false},"author":143,"featured_media":14460,"comment_status":"open","ping_status":"closed","sticky":false,"template":"","format":"standard","meta":{"ngg_post_thumbnail":0,"footnotes":""},"categories":[1],"tags":[],"class_list":["post-14419","post","type-post","status-publish","format-standard","has-post-thumbnail","hentry","category-bez-kategorii"],"_links":{"self":[{"href":"https:\/\/kolo-nowaruda.klodzko.pttk.pl\/index.php\/wp-json\/wp\/v2\/posts\/14419","targetHints":{"allow":["GET"]}}],"collection":[{"href":"https:\/\/kolo-nowaruda.klodzko.pttk.pl\/index.php\/wp-json\/wp\/v2\/posts"}],"about":[{"href":"https:\/\/kolo-nowaruda.klodzko.pttk.pl\/index.php\/wp-json\/wp\/v2\/types\/post"}],"author":[{"embeddable":true,"href":"https:\/\/kolo-nowaruda.klodzko.pttk.pl\/index.php\/wp-json\/wp\/v2\/users\/143"}],"replies":[{"embeddable":true,"href":"https:\/\/kolo-nowaruda.klodzko.pttk.pl\/index.php\/wp-json\/wp\/v2\/comments?post=14419"}],"version-history":[{"count":3,"href":"https:\/\/kolo-nowaruda.klodzko.pttk.pl\/index.php\/wp-json\/wp\/v2\/posts\/14419\/revisions"}],"predecessor-version":[{"id":14459,"href":"https:\/\/kolo-nowaruda.klodzko.pttk.pl\/index.php\/wp-json\/wp\/v2\/posts\/14419\/revisions\/14459"}],"wp:featuredmedia":[{"embeddable":true,"href":"https:\/\/kolo-nowaruda.klodzko.pttk.pl\/index.php\/wp-json\/wp\/v2\/media\/14460"}],"wp:attachment":[{"href":"https:\/\/kolo-nowaruda.klodzko.pttk.pl\/index.php\/wp-json\/wp\/v2\/media?parent=14419"}],"wp:term":[{"taxonomy":"category","embeddable":true,"href":"https:\/\/kolo-nowaruda.klodzko.pttk.pl\/index.php\/wp-json\/wp\/v2\/categories?post=14419"},{"taxonomy":"post_tag","embeddable":true,"href":"https:\/\/kolo-nowaruda.klodzko.pttk.pl\/index.php\/wp-json\/wp\/v2\/tags?post=14419"}],"curies":[{"name":"wp","href":"https:\/\/api.w.org\/{rel}","templated":true}]}}