{"id":2272,"date":"2019-12-07T22:08:00","date_gmt":"2019-12-07T21:08:00","guid":{"rendered":"http:\/\/kolo-nowaruda.klodzko.n.pttk.pl\/?p=2272"},"modified":"2021-11-13T22:09:33","modified_gmt":"2021-11-13T21:09:33","slug":"po-raz-szosty-na-gwarkowym-szlaku","status":"publish","type":"post","link":"https:\/\/kolo-nowaruda.klodzko.pttk.pl\/index.php\/2019\/12\/07\/po-raz-szosty-na-gwarkowym-szlaku\/","title":{"rendered":"Po raz sz\u00f3sty na gwarkowym szlaku"},"content":{"rendered":"\n<p>7 grudnia 2019 roku to czas na nasz\u0105 tradycyjn\u0105 imprez\u0119 &#8222;barb\u00f3rkow\u0105&#8221;. To z jednej strony nasz uk\u0142on w stron\u0119 g\u00f3rniczych tradycji regionu, a z drugiej &#8211; symboliczne zako\u0144czenie sezonu turystycznego w roku 2019.<\/p>\n\n\n\n<p>Na starcie zg\u0142osi\u0142o si\u0119 80 uczestnik\u00f3w, w tym, opr\u00f3cz noworudzkich &#8222;Gwark\u00f3w&#8221; tak\u017ce nasze kochane &#8222;AniKije&#8221; z Noworudzkiego Uniwersytetu Trzeciego Wieku, dzieciaki z SKKT pod wodz\u0105 kol. Jana Oko\u0144skiego oraz kole\u017canki i koledzy z zaprzyja\u017anionych K\u00f3\u0142 PTTK Oddzia\u0142u &#8222;Ziemi K\u0142odzkiej&#8221;.<\/p>\n\n\n\n<p>Honory Sztygar\u00f3w Zmianowych pe\u0142nili z godno\u015bci\u0105 nasi najautentyczniejsi gwarkowie: kol. Andrzej Wi\u015bniewski i kol. Edward Lada. Kol. Andrzej zadba\u0142 nawet o galowy mundur g\u00f3rniczy i opraw\u0119 muzyczn\u0105. Rajd nie m\u00f3g\u0142 si\u0119 obej\u015b\u0107 bez g\u00f3rniczego hymnu. Po hymnie &#8211; zapalenie znicza pod pomnikiem g\u00f3rniczym przy Miejskim O\u015brodku Kultury i w drog\u0119 &#8211; mijaj\u0105c po drodze pozosta\u0142o\u015bci dawnego pola g\u00f3rniczego w centrum miasta. Dalej ul. S\u0142oneczn\u0105 po nowej trasie spacerowo-rowerowej, w pobli\u017cu Zak\u0142ad\u00f3w G\u00f3rniczych &#8222;Czerwony Piaskowiec&#8221;, potem niedalego dawnego pola g\u00f3rniczego przy Zielonej Dolinie, z pi\u0119knym widokiem na Kopalni\u0119 Surowc\u00f3w Skalnych &#8222;Gabro&#8221; w S\u0142upcu i dotarli\u015bmy do pominka g\u00f3rniczego na terenie Osiedla Mieszkaniowego &#8222;G\u00f3rnik&#8221; przy ul. Sztygarskiej. Tu szef oddzia\u0142owej Komisji Turystyki G\u00f3rskiej &#8211; kol. Piotr Janowski zapali\u0142 kolejny znicz i ruszamy do dawnej wie\u017cy wyci\u0105gowej szybu &#8222;Nowy I&#8221;. Dzi\u015b to tylko symbol \u015bwietno\u015bci dawnego pola &#8222;S\u0142upiec&#8221; Kopalni W\u0119gla Kamiennego &#8222;Nowa Ruda&#8221;.<\/p>\n\n\n\n<p>Spod wie\u017cy wr\u00f3cili\u015bmy do &#8222;Nowej Renomy&#8221; &#8211; sympatycznej i bardzo wygodnej restauracji, gdzie ugoszczono nas ciep\u0142ym posi\u0142kiem, ciastem i napojami.<\/p>\n\n\n\n<p>Po posi\u0142ku kol. Czes\u0142aw Dominas, kol. Edward Lada, kol. Jan Oko\u0144ski (wspierani przez pozosta\u0142y aktyw Ko\u0142a) przeprowadzili liczne konkursy (&#8222;Co\u015b na liter\u0119&#8221;, &#8222;Rysowanie w\u0119glem&#8221;, &#8222;Co piszczy pod ziemi\u0105&#8221; i &#8222;G\u00f3rnictwo dla doros\u0142ych g\u00f3rnik\u00f3w&#8221;).<\/p>\n\n\n\n<p>Dzi\u0119kujemy wszystkim &#8222;Gwarkom&#8221; i ich sympatykom za udzia\u0142 w naszej tradycyjnej &#8222;Barb\u00f3rce&#8221; i zapraszamy na nasze kolejne wycieczki w roku 2020!<\/p>\n\n\n\nngg_shortcode_0_placeholder\n","protected":false},"excerpt":{"rendered":"<p>7 grudnia 2019 roku to czas na nasz\u0105 tradycyjn\u0105 imprez\u0119 &#8222;barb\u00f3rkow\u0105&#8221;. To z jednej strony nasz uk\u0142on w stron\u0119 g\u00f3rniczych tradycji regionu, a z drugiej &#8211; symboliczne zako\u0144czenie sezonu turystycznego w roku 2019. Na starcie zg\u0142osi\u0142o si\u0119 80 uczestnik\u00f3w, w tym, opr\u00f3cz noworudzkich &#8222;Gwark\u00f3w&#8221; tak\u017ce nasze kochane &#8222;AniKije&#8221; z Noworudzkiego Uniwersytetu Trzeciego Wieku, dzieciaki z [&hellip;]<\/p>\n","protected":false},"author":141,"featured_media":0,"comment_status":"closed","ping_status":"closed","sticky":false,"template":"","format":"standard","meta":{"ngg_post_thumbnail":0,"footnotes":""},"categories":[],"tags":[],"class_list":["post-2272","post","type-post","status-publish","format-standard","hentry"],"_links":{"self":[{"href":"https:\/\/kolo-nowaruda.klodzko.pttk.pl\/index.php\/wp-json\/wp\/v2\/posts\/2272","targetHints":{"allow":["GET"]}}],"collection":[{"href":"https:\/\/kolo-nowaruda.klodzko.pttk.pl\/index.php\/wp-json\/wp\/v2\/posts"}],"about":[{"href":"https:\/\/kolo-nowaruda.klodzko.pttk.pl\/index.php\/wp-json\/wp\/v2\/types\/post"}],"author":[{"embeddable":true,"href":"https:\/\/kolo-nowaruda.klodzko.pttk.pl\/index.php\/wp-json\/wp\/v2\/users\/141"}],"replies":[{"embeddable":true,"href":"https:\/\/kolo-nowaruda.klodzko.pttk.pl\/index.php\/wp-json\/wp\/v2\/comments?post=2272"}],"version-history":[{"count":1,"href":"https:\/\/kolo-nowaruda.klodzko.pttk.pl\/index.php\/wp-json\/wp\/v2\/posts\/2272\/revisions"}],"predecessor-version":[{"id":2273,"href":"https:\/\/kolo-nowaruda.klodzko.pttk.pl\/index.php\/wp-json\/wp\/v2\/posts\/2272\/revisions\/2273"}],"wp:attachment":[{"href":"https:\/\/kolo-nowaruda.klodzko.pttk.pl\/index.php\/wp-json\/wp\/v2\/media?parent=2272"}],"wp:term":[{"taxonomy":"category","embeddable":true,"href":"https:\/\/kolo-nowaruda.klodzko.pttk.pl\/index.php\/wp-json\/wp\/v2\/categories?post=2272"},{"taxonomy":"post_tag","embeddable":true,"href":"https:\/\/kolo-nowaruda.klodzko.pttk.pl\/index.php\/wp-json\/wp\/v2\/tags?post=2272"}],"curies":[{"name":"wp","href":"https:\/\/api.w.org\/{rel}","templated":true}]}}