{"id":2322,"date":"2019-02-16T16:13:00","date_gmt":"2019-02-16T15:13:00","guid":{"rendered":"http:\/\/kolo-nowaruda.klodzko.n.pttk.pl\/?p=2322"},"modified":"2021-11-14T16:14:42","modified_gmt":"2021-11-14T15:14:42","slug":"rajd-czerwony-piaskowiec","status":"publish","type":"post","link":"https:\/\/kolo-nowaruda.klodzko.pttk.pl\/index.php\/2019\/02\/16\/rajd-czerwony-piaskowiec\/","title":{"rendered":"Rajd &#8222;Czerwony piaskowiec&#8221;"},"content":{"rendered":"\n<p>W dniu 16.02.2019 r. jedena\u015bcioro \u201eGwark\u00f3w Noworudzkich\u201d + piesek \u201eTola\u201d spotka\u0142o si\u0119 pod Intermarche w Nowej Rudzie S\u0142upiec, aby odby\u0107 spacer pod nazw\u0105 \u201eRajd Czerwony Piaskowiec\u201d. Uczestnicy rajdu, jak pisze historia, spotkali si\u0119 w starodawnej wsi \u0142a\u0144cuchowej wzmiankowanej w 1327 roku jako Slegelonis villa. Trasa naszego rajdu wiod\u0142a pocz\u0105tkowo G\u0142\u00f3wnym Szlakiem Sudeckim im. M. Or\u0142owicza. Na ul. Po\u0142oniny do\u0142\u0105czy\u0142o do nas jeszcze czworo \u201eGwark\u00f3w Noworudzkich\u201d i w\u0119drowali\u015bmy mozolnie pod g\u00f3r\u0119 szlakiem czerwonym a\u017c do wej\u015bcia na Drog\u0119 Krzy\u017cow\u0105. Dalsza w\u0119dr\u00f3wka mog\u0142aby by\u0107 utrudniona ze wzgl\u0119du na oblodzenie Drogi Krzy\u017cowej dlatego pow\u0119drowali\u015bmy le\u015bn\u0105 drog\u0105 i osi\u0105gn\u0119li\u015bmy cel rajdu &#8211; szczyt G\u00f3ry Wszystkich \u015awi\u0119tych oraz wie\u017c\u0119 widokow\u0105. Pod wiat\u0105 rozpalili\u015bmy ognisko i po chwili wewn\u0105trz unosi\u0142 si\u0119 aromat pieczonych kie\u0142basek. Kolega Czes\u0142aw Dominas przeprowadzi\u0142 konkurs jednego pytania, kt\u00f3ry wygra\u0142a kole\u017canka \u201eOLEK\u201d za co otrzyma\u0142a nagrod\u0119. Po posi\u0142ku i sesji zdj\u0119ciowej, w blasku s\u0142o\u0144ca, udali\u015bmy si\u0119 w drog\u0119 powrotn\u0105 bez szlaku wok\u00f3\u0142 G\u00f3ry Ko\u015bcielec, tak aby omin\u0105\u0107 oblodzon\u0105 drog\u0119. W zwi\u0105zku z tym, \u017ce niekt\u00f3rzy uczestnicy tras\u0119 t\u0105 pokonywali po raz pierwszy, grup\u0119 pocz\u0105tkowo prowadzi\u0142a kole\u017canka Ma\u0142gosia Kuczaj a potem jedna z najm\u0142odszych uczestniczek Halinka Zychowicz. Trasa bieg\u0142a po za\u015bnie\u017conych bezdro\u017cach wok\u00f3\u0142 Ko\u015bcielca, potem przez Osiedle Wary\u0144skiego, ul. Szkoln\u0105, Radkowsk\u0105 i tak dotarli\u015bmy do miejsca rozpocz\u0119cia spaceru. W dobrych humorach rozstali\u015bmy si\u0119 jednocze\u015bnie obiecuj\u0105c sobie, \u017ce znowu spotkamy si\u0119 na szlaku.<br>Edward Soja<\/p>\n\n\n\n<p>Wpis do ksi\u0105\u017ceczki GOT:<br>Data odbycia wycieczki &#8211; 16.02.2019<br>Trasa wycieczki\u00a0\u00a0 \u00a0&#8211; Nowa Ruda S\u0142upiec &#8211; G\u00f3ra Wszystkich \u015aw. &#8211; Nowa Ruda S\u0142upiec (10km., 300 m.)<br>Nr grupy g\u00f3rskiej wg reg. GOT PTTK &#8211; S.11<br>Punk\u00f3w wg reg. GOT PTTK &#8211; 13<br>Czy przodownik by\u0142 obecny &#8211; tak<\/p>\n\n\n\n<p>(Zdj\u0119cia zjad\u0142 wirus)<\/p>\n","protected":false},"excerpt":{"rendered":"<p>W dniu 16.02.2019 r. jedena\u015bcioro \u201eGwark\u00f3w Noworudzkich\u201d + piesek \u201eTola\u201d spotka\u0142o si\u0119 pod Intermarche w Nowej Rudzie S\u0142upiec, aby odby\u0107 spacer pod nazw\u0105 \u201eRajd Czerwony Piaskowiec\u201d. Uczestnicy rajdu, jak pisze historia, spotkali si\u0119 w starodawnej wsi \u0142a\u0144cuchowej wzmiankowanej w 1327 roku jako Slegelonis villa. Trasa naszego rajdu wiod\u0142a pocz\u0105tkowo G\u0142\u00f3wnym Szlakiem Sudeckim im. M. Or\u0142owicza. [&hellip;]<\/p>\n","protected":false},"author":141,"featured_media":0,"comment_status":"closed","ping_status":"closed","sticky":false,"template":"","format":"standard","meta":{"ngg_post_thumbnail":0,"footnotes":""},"categories":[],"tags":[],"class_list":["post-2322","post","type-post","status-publish","format-standard","hentry"],"_links":{"self":[{"href":"https:\/\/kolo-nowaruda.klodzko.pttk.pl\/index.php\/wp-json\/wp\/v2\/posts\/2322","targetHints":{"allow":["GET"]}}],"collection":[{"href":"https:\/\/kolo-nowaruda.klodzko.pttk.pl\/index.php\/wp-json\/wp\/v2\/posts"}],"about":[{"href":"https:\/\/kolo-nowaruda.klodzko.pttk.pl\/index.php\/wp-json\/wp\/v2\/types\/post"}],"author":[{"embeddable":true,"href":"https:\/\/kolo-nowaruda.klodzko.pttk.pl\/index.php\/wp-json\/wp\/v2\/users\/141"}],"replies":[{"embeddable":true,"href":"https:\/\/kolo-nowaruda.klodzko.pttk.pl\/index.php\/wp-json\/wp\/v2\/comments?post=2322"}],"version-history":[{"count":1,"href":"https:\/\/kolo-nowaruda.klodzko.pttk.pl\/index.php\/wp-json\/wp\/v2\/posts\/2322\/revisions"}],"predecessor-version":[{"id":2323,"href":"https:\/\/kolo-nowaruda.klodzko.pttk.pl\/index.php\/wp-json\/wp\/v2\/posts\/2322\/revisions\/2323"}],"wp:attachment":[{"href":"https:\/\/kolo-nowaruda.klodzko.pttk.pl\/index.php\/wp-json\/wp\/v2\/media?parent=2322"}],"wp:term":[{"taxonomy":"category","embeddable":true,"href":"https:\/\/kolo-nowaruda.klodzko.pttk.pl\/index.php\/wp-json\/wp\/v2\/categories?post=2322"},{"taxonomy":"post_tag","embeddable":true,"href":"https:\/\/kolo-nowaruda.klodzko.pttk.pl\/index.php\/wp-json\/wp\/v2\/tags?post=2322"}],"curies":[{"name":"wp","href":"https:\/\/api.w.org\/{rel}","templated":true}]}}