{"id":2332,"date":"2018-12-08T17:57:00","date_gmt":"2018-12-08T16:57:00","guid":{"rendered":"http:\/\/kolo-nowaruda.klodzko.n.pttk.pl\/?p=2332"},"modified":"2021-11-14T17:58:50","modified_gmt":"2021-11-14T16:58:50","slug":"slupiecki-gornik-i-zupa-regeneracyjna-v-rajd-barborkowy","status":"publish","type":"post","link":"https:\/\/kolo-nowaruda.klodzko.pttk.pl\/index.php\/2018\/12\/08\/slupiecki-gornik-i-zupa-regeneracyjna-v-rajd-barborkowy\/","title":{"rendered":"S\u0142upiecki g\u00f3rnik i zupa regeneracyjna &#8211; V Rajd Barb\u00f3rkowy"},"content":{"rendered":"\n<p>W dniu 8. grudnia 2018r. noworudzcy &#8222;Gwarkowie&#8221; po raz pi\u0105ty obchodzili swoje tradycyjne turystyczno-g\u00f3rnicze \u015bwi\u0119to, czyli &#8222;Rajd Barb\u00f3rkowy&#8221;. Komandorem Rajdu zosta\u0142 nasz specjalista od spraw turystyki g\u00f3rniczej, Przodownik Turystyki G\u00f3rskiej, kol. Edward Lada. W Komitecie Organizacyjnym nie zabrak\u0142o naszych wspania\u0142ych &#8222;Gwark\u00f3w&#8221; &#8211; Honorowego Przodownika Turystyki G\u00f3rskiej, kol. Czes\u0142awa Dominasa i &#8211; rzecz jasna &#8211; serca &#8222;gwark\u00f3w&#8221;, naszej kochanej Prezes Zarz\u0105du Ko\u0142a &#8211; kol. El\u017cbiety Bisikiewicz. Tras\u0119 Rajdu poprowadzili wsp\u00f3lnie kol. Przodownicy Turystyki G\u00f3rskiej &#8211; Andrzej Wi\u015bniewski i Edward Lada. W zabezpieczeniu techniczno-merytorycznym pomagali&nbsp;dzielnie Przodownik Turystyki G\u00f3rskiej, kol. Edward Soja oraz Przodownik Turystyki G\u00f3rskiej, kol. Witold Telus.<\/p>\n\n\n\n<p>Naszymi najwa\u017cniejszymi go\u015b\u0107mi by\u0142y dzieci ze szk\u00f3\u0142: Szko\u0142y Podstawowej nr 2 im. Jana Paw\u0142a II w K\u0142odzku pod opiek\u0105 Pani Bernadety \u017buk i Szko\u0142y Podstawowej im. \u015bw. Wojciecha we W\u0142odowicach pod opiek\u0105 Pana Grzegorza Szklarczuka. Nasz\u0105 grup\u0119 zaszczycili tak\u017ce nader licznie przybyli studenci (i studentki) Noworudzkiego Uniwersytetu Trzeciego Wieku pod egid\u0105 kol. Anny Szczepan. Nie zabrak\u0142o tak\u017ce reprezentant\u00f3w Zarz\u0105du Oddzia\u0142u PTTK &#8222;Ziemi K\u0142odzkiej&#8221; &#8211; Wiceprezesa Zarz\u0105du, Przodownika Turystyki G\u00f3rskiej, kol. Krzysztofa Kaszuby i Przewodnicz\u0105cego Komisji Turystyki G\u00f3rskiej, kol. Piotra Janowskiego.<\/p>\n\n\n\n<p>Rajd rozpocz\u0105\u0142 si\u0119 punktualnie o 9:00 przy \u015aciance Wspinaczkowej w Nowej Rudzie &#8211; S\u0142upcu. Komandor Rajdu przywita\u0142 uczestnik\u00f3w, a nast\u0119pnie odtworzono &#8222;Hymn G\u00f3rniczy&#8221;. Po zawo\u0142aniu &#8222;Niech \u017cyje nam g\u00f3rniczy stan!&#8221; wszycy uczestnicy ruszyli w drog\u0119 wzd\u0142u\u017c &#8222;G\u00f3rniczego Szlaku M\u0142oteczkowego&#8221; &#8211; nowej trasy turystycznej utworzonej we wsp\u00f3\u0142pracy samorz\u0105du Miasta Nowa Ruda i noworudzkiego Ko\u0142a PTTK im. &#8222;Gwark\u00f3w Noworudzkich&#8221;.<\/p>\n\n\n\n<p>Pierwsze, wa\u017cne miejsce na trasie to &#8222;Pomnik G\u00f3rnika&#8221; d\u0142uta Antoniego Wyrodka, znajduj\u0105cy si\u0119 obecnie na skwerze przy Osiedlu Wojska Polskiego. Przy pomniku zapalili\u015bmy znicz ku pami\u0119ci wszystkich g\u00f3rnik\u00f3w, kt\u00f3ry oddali \u017cycie na stanowisku pracy. Po chwili zadumy dalsza droga powiod\u0142a tras\u0105 rowerowo-spacerow\u0105 r\u00f3nolegle do g\u0142\u00f3wnej drogi 381. Kilka przystank\u00f3w dla podziwiania widok\u00f3w i wreszcie docieramy do ul. Stara Kolonia, gdzie spotykamy patronk\u0119 g\u00f3rnik\u00f3w &#8211; \u015bw. Barbar\u0119. Posta\u0107 wykuta z czerownego piaskowca znajduje si\u0119 na bramie Zak\u0142adu G\u00f3rniczego &#8222;Piaskowiec Czerwony&#8221;. Pami\u0105tkowe zdj\u0119cie i kr\u00f3tki wyk\u0142ad kol. Edwarda Lady o zawi\u0142o\u015bciach \u015bwi\u0119ta g\u00f3rnik\u00f3w. Warto wiedzie\u0107, \u017ce &#8222;Barb\u00f3rka&#8221; to nie tylko \u015bwi\u0119to g\u00f3rnik\u00f3w z kopalni w\u0119gla kamiennego. To tak\u017ce \u015bwi\u0119to g\u00f3rnik\u00f3w skalnych, pracuj\u0105cych w wyrobiskach kamienio\u0142om\u00f3w i g\u00f3rnik\u00f3w rud metali i surowc\u00f3w chemicznych (soli kamiennej, rud cynku, \u017celaza, o\u0142owiu, miedzi i wielu innych).<\/p>\n\n\n\n<p>Dalej szlak poprowadzi\u0142 nas przez widokowe M\u0142y\u0144skie Wzg\u00f3rza pomi\u0119dzy Now\u0105 Rud\u0105 i Woliborzem, nast\u0119pnie dolin\u0105 potoku w dawnej osadzie Jasion\u00f3w i do kolejnej dawnej osady &#8211; Miedzianka. Warto wiedzie\u0107, \u017ce to w\u0142a\u015bnie w tych okolicach wzmiankowano po raz pierwszy na \u015al\u0105sku o regularnym wydobyciu w\u0119gla ju\u017c w XV wieku!. Nazwa osady wskauje, \u017ce mog\u0142y tu ju\u017c wcze\u015bniej dzia\u0142a\u0107 niewielkie kopalnie rud miedzi, ale \u017ar\u00f3d\u0142a historyczne na ten temat milcz\u0105.<\/p>\n\n\n\n<p>Z Miedzianki ju\u017c prosta droga do Dawnej Kopalni Nowa Ruda. Tu wita nas patronka imprezy, Dyrektor Dawnej Kopalni Nowa Ruda, Pani Barbara Korbas. Jedna z za\u0142o\u017cycielek-inicjatorek Ko\u0142a PTTK w Nowej Rudzie, wspania\u0142a przyjaci\u00f3\u0142ka turyst\u00f3w i nasz hojny sponsor. \u015awi\u0119to &#8222;Barb\u00f3rki&#8221; to tak\u017ce imieniny Pani Dyrektor &#8211; kwiaty zatem to rzecz obowi\u0105zkowa!<\/p>\n\n\n\n<p>Na placu przy Kopalni cz\u0119\u015b\u0107 g\u0142\u00f3wna imprezy &#8211; pocz\u0119stunek ciep\u0142\u0105 groch\u00f3wk\u0105, herbat\u0105, s\u0142odko\u015bciami. Dzieci mog\u0142y zwiedzi\u0107 podziemia muzeum. Rozegrano konkurs &#8222;co\u015b na liter\u0119&#8221;, a kol. Czes\u0142aw Dominas rozda\u0142 wspania\u0142e pami\u0105tki &#8211; miniaturowe kolekcje minera\u0142\u00f3w, w\u015br\u00f3d kt\u00f3rych nie zabrak\u0142o niezwyk\u0142ego dykitu, folerytu, ametystu, argilitu czy kwarcu. Wszystko z okolic Nowej Rudy. Takie mamy skarby (nie tylko w\u0119giel!).<\/p>\n\n\n\n<p>Po rozlosowaniu nagr\u00f3d uczestnicy wr\u00f3cili do dom\u00f3w.<\/p>\n\n\n\n<p>Organizatorzy &#8222;V Rajdu Barb\u00f3rkowego&#8221; serdecznie dzi\u0119kuj\u0105 uczestnikom, opiekunom grup i go\u015bciom za udzia\u0142, a Pani Barbarze Korbas &#8211; Dyrektor Dawnej Kopalni Nowa Ruda &#8211; za go\u015bcin\u0119 i patronat nad imprez\u0105. Nadto dzi\u0119kujemy zawsze \u0142askawemu Duchowi G\u00f3r za przyzwoit\u0105 pogod\u0119 i widoki na trasie.<\/p>\n\n\n\n<p>Ko\u0144czymy ju\u017c sezon turystyczny 2018, ale ju\u017c w styczniu zapraszamy na nasze spacery w ramach akcji &#8222;Ognista Zima 2019&#8221;.<\/p>\n\n\n\nngg_shortcode_0_placeholder\n","protected":false},"excerpt":{"rendered":"<p>W dniu 8. grudnia 2018r. noworudzcy &#8222;Gwarkowie&#8221; po raz pi\u0105ty obchodzili swoje tradycyjne turystyczno-g\u00f3rnicze \u015bwi\u0119to, czyli &#8222;Rajd Barb\u00f3rkowy&#8221;. Komandorem Rajdu zosta\u0142 nasz specjalista od spraw turystyki g\u00f3rniczej, Przodownik Turystyki G\u00f3rskiej, kol. Edward Lada. W Komitecie Organizacyjnym nie zabrak\u0142o naszych wspania\u0142ych &#8222;Gwark\u00f3w&#8221; &#8211; Honorowego Przodownika Turystyki G\u00f3rskiej, kol. Czes\u0142awa Dominasa i &#8211; rzecz jasna &#8211; serca [&hellip;]<\/p>\n","protected":false},"author":141,"featured_media":0,"comment_status":"closed","ping_status":"closed","sticky":false,"template":"","format":"standard","meta":{"ngg_post_thumbnail":0,"footnotes":""},"categories":[],"tags":[],"class_list":["post-2332","post","type-post","status-publish","format-standard","hentry"],"_links":{"self":[{"href":"https:\/\/kolo-nowaruda.klodzko.pttk.pl\/index.php\/wp-json\/wp\/v2\/posts\/2332","targetHints":{"allow":["GET"]}}],"collection":[{"href":"https:\/\/kolo-nowaruda.klodzko.pttk.pl\/index.php\/wp-json\/wp\/v2\/posts"}],"about":[{"href":"https:\/\/kolo-nowaruda.klodzko.pttk.pl\/index.php\/wp-json\/wp\/v2\/types\/post"}],"author":[{"embeddable":true,"href":"https:\/\/kolo-nowaruda.klodzko.pttk.pl\/index.php\/wp-json\/wp\/v2\/users\/141"}],"replies":[{"embeddable":true,"href":"https:\/\/kolo-nowaruda.klodzko.pttk.pl\/index.php\/wp-json\/wp\/v2\/comments?post=2332"}],"version-history":[{"count":1,"href":"https:\/\/kolo-nowaruda.klodzko.pttk.pl\/index.php\/wp-json\/wp\/v2\/posts\/2332\/revisions"}],"predecessor-version":[{"id":2333,"href":"https:\/\/kolo-nowaruda.klodzko.pttk.pl\/index.php\/wp-json\/wp\/v2\/posts\/2332\/revisions\/2333"}],"wp:attachment":[{"href":"https:\/\/kolo-nowaruda.klodzko.pttk.pl\/index.php\/wp-json\/wp\/v2\/media?parent=2332"}],"wp:term":[{"taxonomy":"category","embeddable":true,"href":"https:\/\/kolo-nowaruda.klodzko.pttk.pl\/index.php\/wp-json\/wp\/v2\/categories?post=2332"},{"taxonomy":"post_tag","embeddable":true,"href":"https:\/\/kolo-nowaruda.klodzko.pttk.pl\/index.php\/wp-json\/wp\/v2\/tags?post=2332"}],"curies":[{"name":"wp","href":"https:\/\/api.w.org\/{rel}","templated":true}]}}