{"id":2346,"date":"2018-07-29T18:07:00","date_gmt":"2018-07-29T16:07:00","guid":{"rendered":"http:\/\/kolo-nowaruda.klodzko.n.pttk.pl\/?p=2346"},"modified":"2021-11-14T18:08:47","modified_gmt":"2021-11-14T17:08:47","slug":"na-gorze-maliny-na-dole-jezyny","status":"publish","type":"post","link":"https:\/\/kolo-nowaruda.klodzko.pttk.pl\/index.php\/2018\/07\/29\/na-gorze-maliny-na-dole-jezyny\/","title":{"rendered":"Na g\u00f3rze Maliny (na dole je\u017cyny)"},"content":{"rendered":"\n<p>W bardzo upaln\u0105 niedziel\u0119, 29 lipca 2018r. na Piekieln\u0105 G\u00f3r\u0119 zaprosi\u0142a noworudzkich &#8222;Gwark\u00f3w&#8221; nasza kole\u017canka &#8211; Malina.<br>Przywitania z kwiatami i orkiestr\u0105 na stacji kolejowej w Polanicy-Zdroju oczywi\u015bcie nie by\u0142o, ale komitet powitalny i owszem. Na przyje\u017cd\u017caj\u0105cych szynobusem z Nowej Rudy czekali uczestnicy ze S\u0142upca i z Polanicy-Zdroju. Rajd (aczkolwiek niepewnie) poprowadzi\u0142a sprawczyni imprezy. Na pocz\u0105tek nietypowymi \u015bcie\u017ckami przez Park Zdrojowy, mi\u0119dzy szachami i hortensjami. Potem odpoczynek przy fontannach i dalej w g\u00f3r\u0119, mijaj\u0105c po prawej szpital. Dalej w kierunku Piekielnej Prze\u0142\u0119czy i wreszcie do domu naszych mi\u0142ych gospodarzy. Tu ju\u017c czeka\u0142o na nas ognisko, ciasta, pocz\u0119stunki i wiele barwnych opowie\u015bci. Tu prawdziwy podziw dla kol. Zbigniewa, kt\u00f3ry w\u0142asnym r\u0119kami zbudowa\u0142 ca\u0142e to kr\u00f3lestwo. Po posi\u0142u kol. Czes\u0142aw Dominas przeprowadzi\u0142 konkurs &#8222;co\u015b na liter\u0119&#8221;.<\/p>\n\n\n\n<p>Po wizycie dalsza droga to podej\u015bcie na Zamek Le\u015bna z XIX wieku, dawniejsz\u0105 posiad\u0142o\u015b\u0107 Hochberg\u00f3w i Klein\u00f3w. Rzut okiem z Orlich Ska\u0142 i strome zej\u015bcie w dolin\u0119 Bystrzycy Dusznickiej. Jeszcze przej\u015bcie na stacj\u0119 Szczytna i wreszcie wyjazd klimatyzowanym szynobusem do domu.<\/p>\n\n\n\n<p>Serdecznie dzi\u0119kujemy kol. Malinie za go\u015bcin\u0119. Postaramy si\u0119 odwdzi\u0119czy\u0107 jak najpr\u0119dzej.<\/p>\n\n\n\n<p><strong>Wpis do ksi\u0105\u017ceczki GOT:<\/strong><\/p>\n\n\n\n<p>Data: 29.07.2018<br>Grupa g\u00f3rska: S.13<br>Trasa: Polanica-Piekielna G\u00f3ra-Zamek Le\u015bna-Szczytna<br>Punktacja: 4+2+1=7 pkt<br>Przodownik: tak<\/p>\n\n\n\nngg_shortcode_0_placeholder\n","protected":false},"excerpt":{"rendered":"<p>W bardzo upaln\u0105 niedziel\u0119, 29 lipca 2018r. na Piekieln\u0105 G\u00f3r\u0119 zaprosi\u0142a noworudzkich &#8222;Gwark\u00f3w&#8221; nasza kole\u017canka &#8211; Malina.Przywitania z kwiatami i orkiestr\u0105 na stacji kolejowej w Polanicy-Zdroju oczywi\u015bcie nie by\u0142o, ale komitet powitalny i owszem. Na przyje\u017cd\u017caj\u0105cych szynobusem z Nowej Rudy czekali uczestnicy ze S\u0142upca i z Polanicy-Zdroju. Rajd (aczkolwiek niepewnie) poprowadzi\u0142a sprawczyni imprezy. Na pocz\u0105tek [&hellip;]<\/p>\n","protected":false},"author":141,"featured_media":0,"comment_status":"closed","ping_status":"closed","sticky":false,"template":"","format":"standard","meta":{"ngg_post_thumbnail":0,"footnotes":""},"categories":[],"tags":[],"class_list":["post-2346","post","type-post","status-publish","format-standard","hentry"],"_links":{"self":[{"href":"https:\/\/kolo-nowaruda.klodzko.pttk.pl\/index.php\/wp-json\/wp\/v2\/posts\/2346","targetHints":{"allow":["GET"]}}],"collection":[{"href":"https:\/\/kolo-nowaruda.klodzko.pttk.pl\/index.php\/wp-json\/wp\/v2\/posts"}],"about":[{"href":"https:\/\/kolo-nowaruda.klodzko.pttk.pl\/index.php\/wp-json\/wp\/v2\/types\/post"}],"author":[{"embeddable":true,"href":"https:\/\/kolo-nowaruda.klodzko.pttk.pl\/index.php\/wp-json\/wp\/v2\/users\/141"}],"replies":[{"embeddable":true,"href":"https:\/\/kolo-nowaruda.klodzko.pttk.pl\/index.php\/wp-json\/wp\/v2\/comments?post=2346"}],"version-history":[{"count":1,"href":"https:\/\/kolo-nowaruda.klodzko.pttk.pl\/index.php\/wp-json\/wp\/v2\/posts\/2346\/revisions"}],"predecessor-version":[{"id":2347,"href":"https:\/\/kolo-nowaruda.klodzko.pttk.pl\/index.php\/wp-json\/wp\/v2\/posts\/2346\/revisions\/2347"}],"wp:attachment":[{"href":"https:\/\/kolo-nowaruda.klodzko.pttk.pl\/index.php\/wp-json\/wp\/v2\/media?parent=2346"}],"wp:term":[{"taxonomy":"category","embeddable":true,"href":"https:\/\/kolo-nowaruda.klodzko.pttk.pl\/index.php\/wp-json\/wp\/v2\/categories?post=2346"},{"taxonomy":"post_tag","embeddable":true,"href":"https:\/\/kolo-nowaruda.klodzko.pttk.pl\/index.php\/wp-json\/wp\/v2\/tags?post=2346"}],"curies":[{"name":"wp","href":"https:\/\/api.w.org\/{rel}","templated":true}]}}