{"id":2386,"date":"2018-06-09T08:44:00","date_gmt":"2018-06-09T06:44:00","guid":{"rendered":"http:\/\/kolo-nowaruda.klodzko.n.pttk.pl\/?p=2386"},"modified":"2021-11-17T08:45:21","modified_gmt":"2021-11-17T07:45:21","slug":"na-dnie-morza-kredowego","status":"publish","type":"post","link":"https:\/\/kolo-nowaruda.klodzko.pttk.pl\/index.php\/2018\/06\/09\/na-dnie-morza-kredowego\/","title":{"rendered":"Na dnie morza kredowego"},"content":{"rendered":"\n<p>Ca\u0142kiem niedaleko, bo wystarczy dojecha\u0107 do Kar\u0142owa, aby pospacerowa\u0107 dnem pradawnego morza kredowego istniej\u0105cego na terenie G\u00f3r Sto\u0142owych. Takich miejsc jest tylko kilka na \u015bwiecie &#8211; my mamy je w zasi\u0119gu r\u0119ki. No wi\u0119c 9 czerwca (miniona sobota) ponad 20-osobowa grupa Noworudzkich Gwark\u00f3w (PTTK) i AniKiji (NUTW) stawi\u0142a si\u0119 zgodnie na Lisiej Prze\u0142\u0119czy, sk\u0105d rozpocz\u0119\u0142a przej\u015bcie malowniczej trasy. Na pocz\u0105tek zosta\u0142 osi\u0105gni\u0119ty Naro\u017cnik, chocia\u017c w czasie nieco d\u0142u\u017cszym podano na szlakowskazie, bo w 10 minut to chyba biegiem. Po z\u0142apaniu oddechu i sesji fotograficznej ruszyli\u015bmy dalej niebieskim szlakiem zagl\u0105daj\u0105c oczywi\u015bcie na wszystkie punkty widokowe. Nadw\u0105tlone si\u0142y po drodze wzmocnili\u015bmy tradycyjnymi kr\u00f3wkami i jagodami, kt\u00f3rych ju\u017c sporo by\u0142o na krzakach, nie zapominaj\u0105c oczywi\u015bcie o zapach z w\u0142asnych plecak\u00f3w. Poniewa\u017c naszym celem by\u0142y Bia\u0142e Ska\u0142y, pozostawili\u015bmy szlak niebieski i dalej poprowadzi\u0142 nas szlak zielony &#8211; a\u017c do \u017c\u00f3\u0142tego, kt\u00f3rym dotarli\u015bmy w najpi\u0119kniejsze miejsce naszej trasy. Po mi\u0119kkich, le\u015bnych \u015bcie\u017ckach sz\u0142o si\u0119 nad wyraz dobrze, ale by\u0142o te\u017c troch\u0119 trudniejszych przej\u015b\u0107, naje\u017conych du\u017cymi kamieniami gdzie starszym paniom szarmancko pomaga\u0142 przewodnik wycieczki &#8211; Przodownik Turystyki G\u00f3rskiej kol. Edward Soja. Pogoda troch\u0119 nas postraszy\u0142a grzmotami, ale burza szcz\u0119\u015bliwie przesz\u0142a bokiem, a tylko deszczu nam nie oszcz\u0119dzi\u0142a. Ale by\u0142o ciep\u0142o, towarzystwo i humory doborowe wi\u0119c nikt za bardzo nie zwraca\u0142 uwagi na to \u017ce pada, co zreszt\u0105 trwa\u0142o kr\u00f3tko. Widoki bajkowych, bia\u0142ych ska\u0142 pobudza\u0142y wyobra\u017ani\u0119, acz nasze skojarzenia nie do ko\u0144ca odpowiada\u0142y opisom podanym tu i \u00f3wdzie na mapach (i znowu mo\u017ce wzi\u0105\u0107 przyk\u0142ad z s\u0105siad\u00f3w ? &#8211; tam ka\u017cda wyj\u0105tkowa ska\u0142ka ma sw\u00f3j opis i kierunkowskaz). G\u00f3ry Sto\u0142owe maj\u0105 wiele atrakcyjnych tras, kt\u00f3rych przej\u015bcia ju\u017c &#8222;po cichu&#8221; zacz\u0119li\u015bmy planowa\u0107. No i oczywi\u015bcie wszystkich ch\u0119tnych zapraszamy razem z nami &#8211; bo &#8222;w\u0119dr\u00f3wki fajne s\u0105&#8221; (parafrazuj\u0105c M.Cybulskiego)!<\/p>\n\n\n\n<p>Noworudzki Uniwersytet<\/p>\n\n\n\n<p>Trzeciego Wieku<\/p>\n\n\n\n<p>Anna Szczepan<\/p>\n\n\n\n<p>fot. E.Lada, A.Szczepan<\/p>\n\n\n\n<p><strong>Wz\u00f3r wype\u0142nienia ksi\u0105\u017ceczki GOT:<\/strong><\/p>\n\n\n\n<figure class=\"wp-block-table\"><table><thead><tr><td>Data<br>odbycia<br>wycieczki<\/td><td>Trasa wycieczki<\/td><td>Nr grupy<br>g\u00f3rskiej<br>wg reg. GOT<\/td><td>Punkt\u00f3w<br>wg reg.<br>GOT<\/td><td>Czy<br>przodownik<br>by\u0142 obecny<\/td><td>Podpis i nr legitymacji<br>przodownika turystyki<br>g\u00f3rskiej<\/td><\/tr><\/thead><tbody><tr><td>09.06.2018<\/td><td>Lisia Prze\u0142\u0119cz-Naro\u017cnik<\/td><td>S.13<\/td><td>2<\/td><td>tak<\/td><td><\/td><\/tr><tr><td>09.06.2018<\/td><td>Naro\u017cnik-Ska\u0142y Puchacza<\/td><td>S.13<\/td><td>3<\/td><td>tak<\/td><td><\/td><\/tr><tr><td>09.06.2018<\/td><td>Ska\u0142y Puchacza-Skalna Furta<\/td><td>S.13<\/td><td>2<\/td><td>tak<\/td><td><\/td><\/tr><tr><td>09.06.2018<\/td><td>Skalna Furta-Lisia Prze\u0142\u0119cz<\/td><td>S.13<\/td><td>1<\/td><td>tak<\/td><td><\/td><\/tr><tr><td>09.06.2018<\/td><td>Lisia Prze\u0142\u0119cz-Kar\u0142\u00f3w<\/td><td>S.13<\/td><td>2<\/td><td>tak<\/td><td><\/td><\/tr><\/tbody><\/table><\/figure>\n\n\n\nngg_shortcode_0_placeholder\n","protected":false},"excerpt":{"rendered":"<p>Ca\u0142kiem niedaleko, bo wystarczy dojecha\u0107 do Kar\u0142owa, aby pospacerowa\u0107 dnem pradawnego morza kredowego istniej\u0105cego na terenie G\u00f3r Sto\u0142owych. Takich miejsc jest tylko kilka na \u015bwiecie &#8211; my mamy je w zasi\u0119gu r\u0119ki. No wi\u0119c 9 czerwca (miniona sobota) ponad 20-osobowa grupa Noworudzkich Gwark\u00f3w (PTTK) i AniKiji (NUTW) stawi\u0142a si\u0119 zgodnie na Lisiej Prze\u0142\u0119czy, sk\u0105d rozpocz\u0119\u0142a [&hellip;]<\/p>\n","protected":false},"author":141,"featured_media":0,"comment_status":"closed","ping_status":"closed","sticky":false,"template":"","format":"standard","meta":{"ngg_post_thumbnail":0,"footnotes":""},"categories":[],"tags":[],"class_list":["post-2386","post","type-post","status-publish","format-standard","hentry"],"_links":{"self":[{"href":"https:\/\/kolo-nowaruda.klodzko.pttk.pl\/index.php\/wp-json\/wp\/v2\/posts\/2386","targetHints":{"allow":["GET"]}}],"collection":[{"href":"https:\/\/kolo-nowaruda.klodzko.pttk.pl\/index.php\/wp-json\/wp\/v2\/posts"}],"about":[{"href":"https:\/\/kolo-nowaruda.klodzko.pttk.pl\/index.php\/wp-json\/wp\/v2\/types\/post"}],"author":[{"embeddable":true,"href":"https:\/\/kolo-nowaruda.klodzko.pttk.pl\/index.php\/wp-json\/wp\/v2\/users\/141"}],"replies":[{"embeddable":true,"href":"https:\/\/kolo-nowaruda.klodzko.pttk.pl\/index.php\/wp-json\/wp\/v2\/comments?post=2386"}],"version-history":[{"count":1,"href":"https:\/\/kolo-nowaruda.klodzko.pttk.pl\/index.php\/wp-json\/wp\/v2\/posts\/2386\/revisions"}],"predecessor-version":[{"id":2387,"href":"https:\/\/kolo-nowaruda.klodzko.pttk.pl\/index.php\/wp-json\/wp\/v2\/posts\/2386\/revisions\/2387"}],"wp:attachment":[{"href":"https:\/\/kolo-nowaruda.klodzko.pttk.pl\/index.php\/wp-json\/wp\/v2\/media?parent=2386"}],"wp:term":[{"taxonomy":"category","embeddable":true,"href":"https:\/\/kolo-nowaruda.klodzko.pttk.pl\/index.php\/wp-json\/wp\/v2\/categories?post=2386"},{"taxonomy":"post_tag","embeddable":true,"href":"https:\/\/kolo-nowaruda.klodzko.pttk.pl\/index.php\/wp-json\/wp\/v2\/tags?post=2386"}],"curies":[{"name":"wp","href":"https:\/\/api.w.org\/{rel}","templated":true}]}}