{"id":2394,"date":"2018-03-10T08:49:00","date_gmt":"2018-03-10T07:49:00","guid":{"rendered":"http:\/\/kolo-nowaruda.klodzko.n.pttk.pl\/?p=2394"},"modified":"2021-11-17T08:50:24","modified_gmt":"2021-11-17T07:50:24","slug":"zmagania-ognistej-zimy-i-pachnacej-wiosny","status":"publish","type":"post","link":"https:\/\/kolo-nowaruda.klodzko.pttk.pl\/index.php\/2018\/03\/10\/zmagania-ognistej-zimy-i-pachnacej-wiosny\/","title":{"rendered":"Zmagania Ognistej Zimy i Pachn\u0105cej Wiosny"},"content":{"rendered":"\n<p>W dniu 10.03.2018 r. w ciep\u0142y poranek grupa Gwark\u00f3w Noworudzkich wyruszy\u0142a z parkingu Intermarche w poszukiwaniu \u015blad\u00f3w ko\u0144ca zimy i pocz\u0105tku wiosny w kierunku G\u00f3ry Wszystkich \u015awi\u0119tych. Na ulicy Po\u0142oniny w ogrodzie zobaczyli\u015bmy pierwsze przebi\u015bniegi oznak\u0119 wiosny, lecz po dotarciu do drogi krzy\u017cowej, zima pokaza\u0142a jeszcze lwi pazur i z pomoc\u0105 zainstalowanych lin mogli\u015bmy bezpiecznie wyj\u015b\u0107 na Ko\u015bcielec. Niestety zamkni\u0119ta brama do ko\u015bcio\u0142a Matki Boskiej Bolesnej nie pozwoli\u0142a nam go zwiedzi\u0107. Po resztkach \u015bniegu dotarli\u015bmy do wie\u017cy na G\u00f3rze Wszystkich \u015awi\u0119tych i rozpalili\u015bmy ognisko. Kie\u0142baska smakowa\u0142a wy\u015bmienicie i solidnie na\u0142adowani energi\u0105 weszli\u015bmy na wie\u017c\u0119, gdzie nast\u0105pi\u0142a sesja zdj\u0119ciowa i powr\u00f3t do punktu wyj\u015bcia. Do zobaczenia na kolejnych spacerach.<\/p>\n\n\n\n<p>Edward Soja<\/p>\n\n\n\n<p><strong>Wz\u00f3r wype\u0142nienia ksi\u0105\u017ceczki GOT:<\/strong><\/p>\n\n\n\n<figure class=\"wp-block-table\"><table><thead><tr><td>Data<br>odbycia<br>wycieczki<\/td><td>Trasa wycieczki<\/td><td>Nr grupy<br>g\u00f3rskiej<br>wg reg. GOT<\/td><td>Punkt\u00f3w<br>wg reg.<br>GOT<\/td><td>Czy<br>przodownik<br>by\u0142 obecny<\/td><td>Podpis i nr legitymacji<br>przodownika turystyki<br>g\u00f3rskiej<\/td><\/tr><\/thead><tbody><tr><td>10.03.2018<\/td><td>S\u0142upiec-G\u00f3ra Wszystkich \u015awi\u0119tych &#8211; S\u0142upiec<\/td><td>S.11<\/td><td>8<\/td><td>tak<\/td><td><\/td><\/tr><\/tbody><\/table><\/figure>\n\n\n\nngg_shortcode_0_placeholder\n","protected":false},"excerpt":{"rendered":"<p>W dniu 10.03.2018 r. w ciep\u0142y poranek grupa Gwark\u00f3w Noworudzkich wyruszy\u0142a z parkingu Intermarche w poszukiwaniu \u015blad\u00f3w ko\u0144ca zimy i pocz\u0105tku wiosny w kierunku G\u00f3ry Wszystkich \u015awi\u0119tych. Na ulicy Po\u0142oniny w ogrodzie zobaczyli\u015bmy pierwsze przebi\u015bniegi oznak\u0119 wiosny, lecz po dotarciu do drogi krzy\u017cowej, zima pokaza\u0142a jeszcze lwi pazur i z pomoc\u0105 zainstalowanych lin mogli\u015bmy bezpiecznie [&hellip;]<\/p>\n","protected":false},"author":141,"featured_media":0,"comment_status":"closed","ping_status":"closed","sticky":false,"template":"","format":"standard","meta":{"ngg_post_thumbnail":0,"footnotes":""},"categories":[],"tags":[],"class_list":["post-2394","post","type-post","status-publish","format-standard","hentry"],"_links":{"self":[{"href":"https:\/\/kolo-nowaruda.klodzko.pttk.pl\/index.php\/wp-json\/wp\/v2\/posts\/2394","targetHints":{"allow":["GET"]}}],"collection":[{"href":"https:\/\/kolo-nowaruda.klodzko.pttk.pl\/index.php\/wp-json\/wp\/v2\/posts"}],"about":[{"href":"https:\/\/kolo-nowaruda.klodzko.pttk.pl\/index.php\/wp-json\/wp\/v2\/types\/post"}],"author":[{"embeddable":true,"href":"https:\/\/kolo-nowaruda.klodzko.pttk.pl\/index.php\/wp-json\/wp\/v2\/users\/141"}],"replies":[{"embeddable":true,"href":"https:\/\/kolo-nowaruda.klodzko.pttk.pl\/index.php\/wp-json\/wp\/v2\/comments?post=2394"}],"version-history":[{"count":1,"href":"https:\/\/kolo-nowaruda.klodzko.pttk.pl\/index.php\/wp-json\/wp\/v2\/posts\/2394\/revisions"}],"predecessor-version":[{"id":2395,"href":"https:\/\/kolo-nowaruda.klodzko.pttk.pl\/index.php\/wp-json\/wp\/v2\/posts\/2394\/revisions\/2395"}],"wp:attachment":[{"href":"https:\/\/kolo-nowaruda.klodzko.pttk.pl\/index.php\/wp-json\/wp\/v2\/media?parent=2394"}],"wp:term":[{"taxonomy":"category","embeddable":true,"href":"https:\/\/kolo-nowaruda.klodzko.pttk.pl\/index.php\/wp-json\/wp\/v2\/categories?post=2394"},{"taxonomy":"post_tag","embeddable":true,"href":"https:\/\/kolo-nowaruda.klodzko.pttk.pl\/index.php\/wp-json\/wp\/v2\/tags?post=2394"}],"curies":[{"name":"wp","href":"https:\/\/api.w.org\/{rel}","templated":true}]}}