{"id":2398,"date":"2018-02-17T08:51:00","date_gmt":"2018-02-17T07:51:00","guid":{"rendered":"http:\/\/kolo-nowaruda.klodzko.n.pttk.pl\/?p=2398"},"modified":"2021-11-17T08:52:47","modified_gmt":"2021-11-17T07:52:47","slug":"ostra-nie-ostra-ale-zima","status":"publish","type":"post","link":"https:\/\/kolo-nowaruda.klodzko.pttk.pl\/index.php\/2018\/02\/17\/ostra-nie-ostra-ale-zima\/","title":{"rendered":"Ostra, nie ostra &#8211; ale zima"},"content":{"rendered":"\n<p>Sobota (17 lutego) zapowiada\u0142a si\u0119 raczej pochmurna i pogodowo nieciekawa, ale z\u0142o\u017cona z 19 os\u00f3b grupa turyst\u00f3w (Noworudzkie Gwarki, AniKije, PTTK K\u0142odzko) postanowi\u0142a jednak &#8211; chocia\u017c \u015blad\u00f3w zimy, poszuka\u0107. Wystartowali\u015bmy spod MOK-u i Drog\u0105 Ferchego nieco pokryt\u0105 \u015bniegiem, z lekk\u0105 jej modyfikacj\u0105 dotarli\u015bmy na G\u00f3r\u0119 \u015bw. Anny. Mieli\u015bmy szcz\u0119\u015bcie, bo ko\u015bci\u00f3\u0142ek \u015bw. Anny by\u0142 otwarty i mo\u017cna by\u0142o wej\u015b\u0107 do \u015brodka by ucieszy\u0107 si\u0119 jego urokiem. Zza chmur wysz\u0142o s\u0142o\u0144ce i z u\u015bmiechni\u0119tymi do niego twarzami wkroczyli\u015bmy na \u017c\u00f3\u0142ty szlak. No i tu w\u0142a\u015bciwie sko\u0144czy\u0142a si\u0119 zima. Pozosta\u0142y tylko nieco zamglone widoki troszk\u0119 przypr\u00f3szone \u015bniegiem. Rozgadane i ciesz\u0105ce si\u0119 wsp\u00f3ln\u0105 wycieczk\u0105 towarzystwo zatrzyma\u0142o si\u0119 na zapracowany ju\u017c odpoczynek &nbsp;&#8211; tradycyjnie przy ognisku. W ruch posz\u0142y turystyczne wide\u0142ki i wystrugane napr\u0119dce patyki do pieczenia przyniesionych kie\u0142basek. Wkr\u00f3tce pysznie pachnia\u0142o usma\u017conymi kie\u0142baskami. Kiedy apetyty zosta\u0142y zaspokojone a ognisko prawid\u0142owo zagaszone, pomaszerowali\u015bmy &nbsp;w dalsz\u0105 drog\u0119. Porzucili\u015bmy niebawem \u017c\u00f3\u0142ty szlak, aby troch\u0119 na skr\u00f3ty doj\u015b\u0107 do Dworu Dolnego we W\u0142odowicach. Z \u017calem popatrzyli\u015bmy na mijany XVI-wieczny, niszczej\u0105cy zabytek. Tu weszli\u015bmy na pi\u0119kn\u0105 drog\u0119 rowerow\u0105 wyposa\u017con\u0105 w punkty odpoczynkowe i ni\u0105 dotarli\u015bmy do Nowej Rudy. Dziesi\u0119ciokilometrowy spacer prowadzony przez Przodownika Turystyki G\u00f3rskiej kol. Edwarda Soj\u0119 by\u0142 sam\u0105 przyjemno\u015bci\u0105, wi\u0119c dzi\u0119kuj\u0105c sobie za wsp\u00f3lnie sp\u0119dzony czas ju\u017c planowali\u015bmy kolejne trasy, na kt\u00f3re zapraszamy wszystkich ch\u0119tnych.<\/p>\n\n\n\n<p>Noworudzki UTW<\/p>\n\n\n\n<p>Anna Szczepan<\/p>\n\n\n\n<p><strong>Wz\u00f3r wype\u0142nienia ksi\u0105\u017ceczki GOT:<\/strong><\/p>\n\n\n\n<figure class=\"wp-block-table\"><table><thead><tr><td>Data<br>odbycia<br>wycieczki<\/td><td>Trasa wycieczki<\/td><td>Nr grupy<br>g\u00f3rskiej<br>wg reg. GOT<\/td><td>Punkt\u00f3w<br>wg reg.<br>GOT<\/td><td>Czy<br>przodownik<br>by\u0142 obecny<\/td><td>Podpis i nr legitymacji<br>przodownika turystyki<br>g\u00f3rskiej<\/td><\/tr><\/thead><tbody><tr><td>17.02.2018<\/td><td>Nowa Ruda &#8211; Prze\u0142. pod Kr\u0119pcem-W\u0142odowice &#8211; Nowa Ruda<br>(10km, 200m)<\/td><td>S.11<\/td><td>12<\/td><td>tak<\/td><td><\/td><\/tr><\/tbody><\/table><\/figure>\n\n\n\nngg_shortcode_0_placeholder\n","protected":false},"excerpt":{"rendered":"<p>Sobota (17 lutego) zapowiada\u0142a si\u0119 raczej pochmurna i pogodowo nieciekawa, ale z\u0142o\u017cona z 19 os\u00f3b grupa turyst\u00f3w (Noworudzkie Gwarki, AniKije, PTTK K\u0142odzko) postanowi\u0142a jednak &#8211; chocia\u017c \u015blad\u00f3w zimy, poszuka\u0107. Wystartowali\u015bmy spod MOK-u i Drog\u0105 Ferchego nieco pokryt\u0105 \u015bniegiem, z lekk\u0105 jej modyfikacj\u0105 dotarli\u015bmy na G\u00f3r\u0119 \u015bw. Anny. Mieli\u015bmy szcz\u0119\u015bcie, bo ko\u015bci\u00f3\u0142ek \u015bw. Anny by\u0142 otwarty [&hellip;]<\/p>\n","protected":false},"author":141,"featured_media":0,"comment_status":"closed","ping_status":"closed","sticky":false,"template":"","format":"standard","meta":{"ngg_post_thumbnail":0,"footnotes":""},"categories":[],"tags":[],"class_list":["post-2398","post","type-post","status-publish","format-standard","hentry"],"_links":{"self":[{"href":"https:\/\/kolo-nowaruda.klodzko.pttk.pl\/index.php\/wp-json\/wp\/v2\/posts\/2398","targetHints":{"allow":["GET"]}}],"collection":[{"href":"https:\/\/kolo-nowaruda.klodzko.pttk.pl\/index.php\/wp-json\/wp\/v2\/posts"}],"about":[{"href":"https:\/\/kolo-nowaruda.klodzko.pttk.pl\/index.php\/wp-json\/wp\/v2\/types\/post"}],"author":[{"embeddable":true,"href":"https:\/\/kolo-nowaruda.klodzko.pttk.pl\/index.php\/wp-json\/wp\/v2\/users\/141"}],"replies":[{"embeddable":true,"href":"https:\/\/kolo-nowaruda.klodzko.pttk.pl\/index.php\/wp-json\/wp\/v2\/comments?post=2398"}],"version-history":[{"count":1,"href":"https:\/\/kolo-nowaruda.klodzko.pttk.pl\/index.php\/wp-json\/wp\/v2\/posts\/2398\/revisions"}],"predecessor-version":[{"id":2399,"href":"https:\/\/kolo-nowaruda.klodzko.pttk.pl\/index.php\/wp-json\/wp\/v2\/posts\/2398\/revisions\/2399"}],"wp:attachment":[{"href":"https:\/\/kolo-nowaruda.klodzko.pttk.pl\/index.php\/wp-json\/wp\/v2\/media?parent=2398"}],"wp:term":[{"taxonomy":"category","embeddable":true,"href":"https:\/\/kolo-nowaruda.klodzko.pttk.pl\/index.php\/wp-json\/wp\/v2\/categories?post=2398"},{"taxonomy":"post_tag","embeddable":true,"href":"https:\/\/kolo-nowaruda.klodzko.pttk.pl\/index.php\/wp-json\/wp\/v2\/tags?post=2398"}],"curies":[{"name":"wp","href":"https:\/\/api.w.org\/{rel}","templated":true}]}}