{"id":2400,"date":"2018-02-03T08:53:00","date_gmt":"2018-02-03T07:53:00","guid":{"rendered":"http:\/\/kolo-nowaruda.klodzko.n.pttk.pl\/?p=2400"},"modified":"2021-11-17T08:53:51","modified_gmt":"2021-11-17T07:53:51","slug":"ostra-zima-juz-po-raz-trzeci","status":"publish","type":"post","link":"https:\/\/kolo-nowaruda.klodzko.pttk.pl\/index.php\/2018\/02\/03\/ostra-zima-juz-po-raz-trzeci\/","title":{"rendered":"Ostra Zima &#8211; ju\u017c po raz trzeci"},"content":{"rendered":"\n<p>W dniu 03.02.18 r. grupa 11 Gwark\u00f3w Noworudzkich stawi\u0142a si\u0119 na miejscu zbi\u00f3rki przy MOK-u \u017ceby odby\u0107 zaplanowany spacer w poszukiwaniu ostrej zimy 2018 r. Pocz\u0105tkowo trasa bieg\u0142a szlakiem \u017c\u00f3\u0142tym by skr\u0119ci\u0107 mi\u0119dzy dzia\u0142kami i dalej do szlaku spacerowego, kt\u00f3rym dotarli\u015bmy do Drogi Starom\u0142y\u0144skiej. Po drodze podziwiali\u015bmy panoram\u0119 G\u00f3r Sowich z Kalenic\u0105, Rymarzem, Grabin\u0105 i zamglon\u0105 Wielk\u0105 Sow\u0105 oczywi\u015bcie na pierwszym planie Sokoli Garb. Gdy wyszli\u015bmy na skraj lasu powita\u0142o nas pi\u0119kne s\u0142o\u0144ce i dla odmiany podziwiali\u015bmy panoram\u0119 G\u00f3r Sto\u0142owych oraz Bromowskie Steny z Bo\u017canowskim Spicakiem i Koron\u0105. Powspominali\u015bmy jak to by\u0142o w dawnych czasach, gdy mianowani przewodnicy g\u00f3rscy musieli nosi\u0107 na plecach stela\u017ce drewniane wraz baga\u017cem oprowadzanych turyst\u00f3w. Co prawda pobierali za to op\u0142at\u0119, lecz nie by\u0142a to \u0142atwa praca. Po kr\u00f3tkim odpoczynku udali\u015bmy si\u0119 mozolnie pod g\u00f3r\u0119 Kr\u0119pca z kr\u00f3tkim postojem w Dolinie Mumink\u00f3w i pocz\u0119stunkiem tradycyjnej \u201eszlakowej\u201d kr\u00f3wki dotarli\u015bmy do celu dzisiejszego spaceru nowej wiaty pod K\u0119pcem. Tradycyjne ognisko z pieczeniem kie\u0142basek i wzmianka o Longinusie Wittingu mieszka\u0144cu G\u00f3ry Anny, rze\u017abiarzu, tkaczu, kowalu, rolniku oraz budowniczym ruchomej szopki w Wambierzycach. Po zagaszeniu ogniska powr\u00f3t zboczem Kr\u0119pca do ptasiego szlaku i miejsca rozpocz\u0119cia dzisiejszego spaceru przy MOK-u. I jak zwykle zapraszamy na kolejne spacery.<\/p>\n\n\n\n<p>Opis i zdj\u0119cia Edward Soja<\/p>\n\n\n\n<p><strong>Wz\u00f3r wype\u0142nienia ksi\u0105\u017ceczki GOT:<\/strong><\/p>\n\n\n\n<figure class=\"wp-block-table\"><table><thead><tr><td>Data<br>odbycia<br>wycieczki<\/td><td>Trasa wycieczki<\/td><td>Nr grupy<br>g\u00f3rskiej<br>wg reg. GOT<\/td><td>Punkt\u00f3w<br>wg reg.<br>GOT<\/td><td>Czy<br>przodownik<br>by\u0142 obecny<\/td><td>Podpis i nr legitymacji<br>przodownika turystyki<br>g\u00f3rskiej<\/td><\/tr><\/thead><tbody><tr><td>03.02.2018<\/td><td>Nowa Ruda-Kr\u0119piec-Nowa Ruda<br>(5km,200m)<\/td><td>S.11<\/td><td>7<\/td><td>tak<\/td><td><\/td><\/tr><\/tbody><\/table><\/figure>\n\n\n\nngg_shortcode_0_placeholder\n","protected":false},"excerpt":{"rendered":"<p>W dniu 03.02.18 r. grupa 11 Gwark\u00f3w Noworudzkich stawi\u0142a si\u0119 na miejscu zbi\u00f3rki przy MOK-u \u017ceby odby\u0107 zaplanowany spacer w poszukiwaniu ostrej zimy 2018 r. Pocz\u0105tkowo trasa bieg\u0142a szlakiem \u017c\u00f3\u0142tym by skr\u0119ci\u0107 mi\u0119dzy dzia\u0142kami i dalej do szlaku spacerowego, kt\u00f3rym dotarli\u015bmy do Drogi Starom\u0142y\u0144skiej. Po drodze podziwiali\u015bmy panoram\u0119 G\u00f3r Sowich z Kalenic\u0105, Rymarzem, Grabin\u0105 i [&hellip;]<\/p>\n","protected":false},"author":141,"featured_media":0,"comment_status":"closed","ping_status":"closed","sticky":false,"template":"","format":"standard","meta":{"ngg_post_thumbnail":0,"footnotes":""},"categories":[],"tags":[],"class_list":["post-2400","post","type-post","status-publish","format-standard","hentry"],"_links":{"self":[{"href":"https:\/\/kolo-nowaruda.klodzko.pttk.pl\/index.php\/wp-json\/wp\/v2\/posts\/2400","targetHints":{"allow":["GET"]}}],"collection":[{"href":"https:\/\/kolo-nowaruda.klodzko.pttk.pl\/index.php\/wp-json\/wp\/v2\/posts"}],"about":[{"href":"https:\/\/kolo-nowaruda.klodzko.pttk.pl\/index.php\/wp-json\/wp\/v2\/types\/post"}],"author":[{"embeddable":true,"href":"https:\/\/kolo-nowaruda.klodzko.pttk.pl\/index.php\/wp-json\/wp\/v2\/users\/141"}],"replies":[{"embeddable":true,"href":"https:\/\/kolo-nowaruda.klodzko.pttk.pl\/index.php\/wp-json\/wp\/v2\/comments?post=2400"}],"version-history":[{"count":1,"href":"https:\/\/kolo-nowaruda.klodzko.pttk.pl\/index.php\/wp-json\/wp\/v2\/posts\/2400\/revisions"}],"predecessor-version":[{"id":2401,"href":"https:\/\/kolo-nowaruda.klodzko.pttk.pl\/index.php\/wp-json\/wp\/v2\/posts\/2400\/revisions\/2401"}],"wp:attachment":[{"href":"https:\/\/kolo-nowaruda.klodzko.pttk.pl\/index.php\/wp-json\/wp\/v2\/media?parent=2400"}],"wp:term":[{"taxonomy":"category","embeddable":true,"href":"https:\/\/kolo-nowaruda.klodzko.pttk.pl\/index.php\/wp-json\/wp\/v2\/categories?post=2400"},{"taxonomy":"post_tag","embeddable":true,"href":"https:\/\/kolo-nowaruda.klodzko.pttk.pl\/index.php\/wp-json\/wp\/v2\/tags?post=2400"}],"curies":[{"name":"wp","href":"https:\/\/api.w.org\/{rel}","templated":true}]}}