{"id":2404,"date":"2018-01-20T08:55:00","date_gmt":"2018-01-20T07:55:00","guid":{"rendered":"http:\/\/kolo-nowaruda.klodzko.n.pttk.pl\/?p=2404"},"modified":"2021-11-17T08:58:27","modified_gmt":"2021-11-17T07:58:27","slug":"a-wiec-mamy-juz-5-lat","status":"publish","type":"post","link":"https:\/\/kolo-nowaruda.klodzko.pttk.pl\/index.php\/2018\/01\/20\/a-wiec-mamy-juz-5-lat\/","title":{"rendered":"A wi\u0119c mamy ju\u017c 5 lat!"},"content":{"rendered":"\n<p>20 stycznia 2018 roku nasze Ko\u0142o obchodzi\u0142o pierwszy wa\u017cny jubileusz &#8211; 5 lat dzia\u0142alno\u015bci. Z tej okazji w resturacji &#8222;Rycerska&#8221; w noworudzkim MOK-u (a wi\u0119c tam, gdzie si\u0119 to wszystko zacz\u0119\u0142o) zebrali si\u0119 nasi dzia\u0142acze, cz\u0142onkowie obecni i byli oraz wszyscy, kt\u00f3rzy z nami wsp\u00f3\u0142pracuj\u0105 od pocz\u0105tku istnienia. W\u015br\u00f3d &#8222;Gwark\u00f3w&#8221; zatem sawsze serdecznie witamy &#8222;AniKije&#8221; z Noworudzkiego Uniwersytetu Trzeciego Wieku pod kierunkiem kol. Anny Szczepan oraz opiekun\u00f3w Szkolnych Klub\u00f3w Turystycznych &#8211; kol. Jana Oko\u0144skiego (SKKT PTTK Szko\u0142y Podstawowej nr 7) oraz kol. Edwarda Lad\u0119 (do niedawna wsp\u00f3\u0142opiekun SKKT PTTK Szko\u0142y Podstawowej nr 3). Nasze spotkanie zaszczycili przedstawiciele w\u0142adz Oddzia\u0142u &#8222;Ziemi K\u0142odzkiej&#8221; z K\u0142odzka: kol. Piotr Wojnarowski &#8211; Prezes Zarz\u0105du, kol. Witold Telus &#8211; wiceprezes zarz\u0105du (a tak\u017ce sekretarz Ko\u0142a), kol. Piotr Pawlukiewicz &#8211; cz\u0142onek Zarz\u0105du.<\/p>\n\n\n\n<p>Spotkanie otwar\u0142a Prezes Zarz\u0105du Ko\u0142a, kol. El\u017cbieta Bisikiewicz, witaj\u0105c zebranych. Po przywitaniu go\u015bci nast\u0105pi\u0142 ciep\u0142y posi\u0142ek, a po nim g\u0142os zabrali przedstawiwciele Zarz\u0105d\u00f3w Oddzia\u0142u i Ko\u0142a. Prezes Ko\u0142a odebra\u0142a z r\u0105k Prezesa Oddzia\u0142u list gratulacyjny oraz pami\u0105tk\u0119 &#8211; Kronik\u0119 K\u0142odzka. G\u0142os zabra\u0142 pomys\u0142odawca i inicjator dzia\u0142alno\u015bci Ko\u0142a, Honorowy Przodownik Turystyki G\u00f3rskiej, kol. Czes\u0142aw Dominas. Przypomnia\u0142 histori\u0119 powstania Ko\u0142a a tak\u017ce osoby, kt\u00f3re wsp\u00f3\u0142dzia\u0142a\u0142y przy jego reaktywacji.<\/p>\n\n\n\n<p>Szczeg\u00f3lnym momentem by\u0142o nadanie &#8222;szlif\u00f3w&#8221; przodownickich kol. Andrzejowi &#8222;G\u00f3ralowi&#8221; Wi\u015bniewskiemu. To ju\u017c pi\u0105ty Przodownik Turystyki G\u00f3rskiej w naszym kole! Serdecznie gratulujemy i \u017cyczymy wytrwa\u0142o\u015bci w krzewieniu turystyki w\u015br\u00f3d m\u0142odszych i starszych. Kolega Andrzej ju\u017c nie raz dowi\u00f3d\u0142 \u017ce jest doskona\u0142ym gaw\u0119dziarzem i z ogromn\u0105 odpowiedzialno\u015bci\u0105 kieruje grup\u0105 turystyczn\u0105. Sw\u00f3j tytu\u0142 odebra\u0142 jednak po pewnym ciekawym &#8222;chrzcie&#8221;. Trzeba by\u0142o rozpru\u0107 &#8222;turystyczn\u0105 \u017cmij\u0119&#8221; i rozda\u0107 &#8222;obowi\u0105zkowe kr\u00f3wki szlakowe&#8221; &#8211; nasz\u0105 now\u0105, \u015bwieck\u0105 tradycj\u0119.<\/p>\n\n\n\n<p>Do ko\u0144ca spotkania by\u0142o ju\u017c zupe\u0142nie swobodnie &#8211; ta\u0144ce, hulanki, swawole&#8230;<\/p>\n\n\n\n<p>Przed nami kolejne lata dzia\u0142alno\u015bci, a zatem wszystkim &#8222;Gwarkom&#8221; pozostaje \u017cyczy\u0107 &#8211; widoczno\u015bci na szlaku!<\/p>\n\n\n\n<figure class=\"wp-block-embed is-type-video is-provider-youtube wp-block-embed-youtube wp-embed-aspect-16-9 wp-has-aspect-ratio\"><div class=\"wp-block-embed__wrapper\">\n<iframe loading=\"lazy\" title=\"Flesz Info TV 24.01.\" width=\"500\" height=\"281\" src=\"https:\/\/www.youtube.com\/embed\/J6eR2FRdQAU?feature=oembed\" frameborder=\"0\" allow=\"accelerometer; autoplay; clipboard-write; encrypted-media; gyroscope; picture-in-picture; web-share\" referrerpolicy=\"strict-origin-when-cross-origin\" allowfullscreen><\/iframe>\n<\/div><figcaption>Relacja filmowa we Flesz Info<\/figcaption><\/figure>\n\n\n\nngg_shortcode_0_placeholder\n","protected":false},"excerpt":{"rendered":"<p>20 stycznia 2018 roku nasze Ko\u0142o obchodzi\u0142o pierwszy wa\u017cny jubileusz &#8211; 5 lat dzia\u0142alno\u015bci. Z tej okazji w resturacji &#8222;Rycerska&#8221; w noworudzkim MOK-u (a wi\u0119c tam, gdzie si\u0119 to wszystko zacz\u0119\u0142o) zebrali si\u0119 nasi dzia\u0142acze, cz\u0142onkowie obecni i byli oraz wszyscy, kt\u00f3rzy z nami wsp\u00f3\u0142pracuj\u0105 od pocz\u0105tku istnienia. W\u015br\u00f3d &#8222;Gwark\u00f3w&#8221; zatem sawsze serdecznie witamy &#8222;AniKije&#8221; [&hellip;]<\/p>\n","protected":false},"author":141,"featured_media":0,"comment_status":"closed","ping_status":"closed","sticky":false,"template":"","format":"standard","meta":{"ngg_post_thumbnail":0,"footnotes":""},"categories":[],"tags":[],"class_list":["post-2404","post","type-post","status-publish","format-standard","hentry"],"_links":{"self":[{"href":"https:\/\/kolo-nowaruda.klodzko.pttk.pl\/index.php\/wp-json\/wp\/v2\/posts\/2404","targetHints":{"allow":["GET"]}}],"collection":[{"href":"https:\/\/kolo-nowaruda.klodzko.pttk.pl\/index.php\/wp-json\/wp\/v2\/posts"}],"about":[{"href":"https:\/\/kolo-nowaruda.klodzko.pttk.pl\/index.php\/wp-json\/wp\/v2\/types\/post"}],"author":[{"embeddable":true,"href":"https:\/\/kolo-nowaruda.klodzko.pttk.pl\/index.php\/wp-json\/wp\/v2\/users\/141"}],"replies":[{"embeddable":true,"href":"https:\/\/kolo-nowaruda.klodzko.pttk.pl\/index.php\/wp-json\/wp\/v2\/comments?post=2404"}],"version-history":[{"count":3,"href":"https:\/\/kolo-nowaruda.klodzko.pttk.pl\/index.php\/wp-json\/wp\/v2\/posts\/2404\/revisions"}],"predecessor-version":[{"id":2407,"href":"https:\/\/kolo-nowaruda.klodzko.pttk.pl\/index.php\/wp-json\/wp\/v2\/posts\/2404\/revisions\/2407"}],"wp:attachment":[{"href":"https:\/\/kolo-nowaruda.klodzko.pttk.pl\/index.php\/wp-json\/wp\/v2\/media?parent=2404"}],"wp:term":[{"taxonomy":"category","embeddable":true,"href":"https:\/\/kolo-nowaruda.klodzko.pttk.pl\/index.php\/wp-json\/wp\/v2\/categories?post=2404"},{"taxonomy":"post_tag","embeddable":true,"href":"https:\/\/kolo-nowaruda.klodzko.pttk.pl\/index.php\/wp-json\/wp\/v2\/tags?post=2404"}],"curies":[{"name":"wp","href":"https:\/\/api.w.org\/{rel}","templated":true}]}}