{"id":2408,"date":"2018-01-14T08:58:00","date_gmt":"2018-01-14T07:58:00","guid":{"rendered":"http:\/\/kolo-nowaruda.klodzko.n.pttk.pl\/?p=2408"},"modified":"2021-11-17T08:59:24","modified_gmt":"2021-11-17T07:59:24","slug":"bylo-ostro-zimno","status":"publish","type":"post","link":"https:\/\/kolo-nowaruda.klodzko.pttk.pl\/index.php\/2018\/01\/14\/bylo-ostro-zimno\/","title":{"rendered":"By\u0142o ostro zimno"},"content":{"rendered":"\n<p>Co zupe\u0142nie nie przeszkadza\u0142o du\u017cej, turystycznej grupie Gwark\u00f3w Noworudzkich i AniKiji pospo\u0142u w p\u00f3j\u015bciu na zaplanowany (na 14 stycznia) rajd. Tak wi\u0119c w miejscu zbi\u00f3rki przy MOK w Nowej Rudzie po dope\u0142nieniu obowi\u0105zk\u00f3w biurowych &#8211; czyli podpisaniu listy obecno\u015bci i przywitaniu wszystkich przez Przodownika Turystyki G\u00f3rskiej, kol. Edwarda Soj\u0119, ca\u0142a grupa zgodnie wyruszy\u0142a na tras\u0119. Ze wzgl\u0119du na padaj\u0105ce kilka dni wcze\u015bniej deszcze, trasa zosta\u0142a wybrana &#8222;asfaltowo&#8221; prawie w ca\u0142o\u015bci, a punktem docelowym by\u0142 Biegan\u00f3w. Pokonali\u015bmy Now\u0105 Osad\u0119 i zatrzymali\u015bmy si\u0119 na moment przy kapliczce &#8222;na rozstajach&#8221;, kt\u00f3rej przywr\u00f3cono dawny wygl\u0105d i \u015bwietno\u015b\u0107. Po drodze do Bieganowa min\u0119li\u015bmy jeszcze &#8222;osiedle domk\u00f3w&#8221; dla nietoperzy, dwa stare krzy\u017ce i pomnik poleg\u0142ych w czasie I wojny \u015bwiatowej \u017co\u0142nierzy niemieckich. Widoki na okolic\u0119 by\u0142y mocno przymglone. Wszystkim ju\u017c bardzo pilno by\u0142o do ogniska, \u017ceby ogrza\u0107 zmarzni\u0119te r\u0119ce i zje\u015b\u0107 gor\u0105ce kie\u0142baski. Przy ognisku odwiedzi\u0142 nas znany wi\u0119kszo\u015bci os\u00f3b so\u0142tys Bieganowa, p. Tadeusz B\u0142azik. Kie\u0142baski zosta\u0142y spa\u0142aszowane, a my rozgrzani gor\u0105c\u0105, termosow\u0105 herbat\u0105 i opowiadaniem dowcip\u00f3w, ra\u017ano ruszyli\u015bmy w drog\u0119 powrotn\u0105 w stron\u0119 G\u00f3ry \u015bw. Anny. Zaprzyja\u017aniony pan so\u0142tys odprowadzi\u0142 nas kawa\u0142ek, a my nieco zasapani pokonuj\u0105c strom\u0105 drog\u0119 (golgot\u0119, jak j\u0105 niekt\u00f3rzy okre\u015blili) zatrzymali\u015bmy si\u0119 przy ko\u015bci\u00f3\u0142ku \u015bw. Anny, aby wys\u0142ucha\u0107 legendy o pocz\u0119ciu Maryi.. Bo Matka Bo\u017ca zrodzi\u0142a si\u0119 bowiem z poca\u0142unku przy jerozolimskiej Z\u0142otej Bramie&#8230; Jeszcze kr\u00f3tkie zej\u015bcie ptasim szlakiem, pomnik Carla Ferche &#8222;przyjaciela naszych g\u00f3r&#8221; jak g\u0142osi tablica, zabytkowy (1798) pomnik \u015bw. Tr\u00f3jcy po\u015bwi\u0119cony Franciszkowi Ksaweremu i wr\u00f3cili\u015bmy do punktu wyj\u015bcia. Podzi\u0119kowali\u015bmy sobie za fajny, wsp\u00f3lny spacer obiecuj\u0105c spotkanie na nast\u0119pnej, zimowej trasie. Zapraszamy wszystkich, kt\u00f3rzy nie boj\u0105 si\u0119 zimy, lubi\u0105 chodzi\u0107 i piec kie\u0142baski przy ognisku<\/p>\n\n\n\n<p>Anna Szczepan<\/p>\n\n\n\nngg_shortcode_0_placeholder\n","protected":false},"excerpt":{"rendered":"<p>Co zupe\u0142nie nie przeszkadza\u0142o du\u017cej, turystycznej grupie Gwark\u00f3w Noworudzkich i AniKiji pospo\u0142u w p\u00f3j\u015bciu na zaplanowany (na 14 stycznia) rajd. Tak wi\u0119c w miejscu zbi\u00f3rki przy MOK w Nowej Rudzie po dope\u0142nieniu obowi\u0105zk\u00f3w biurowych &#8211; czyli podpisaniu listy obecno\u015bci i przywitaniu wszystkich przez Przodownika Turystyki G\u00f3rskiej, kol. Edwarda Soj\u0119, ca\u0142a grupa zgodnie wyruszy\u0142a na tras\u0119. [&hellip;]<\/p>\n","protected":false},"author":141,"featured_media":0,"comment_status":"closed","ping_status":"closed","sticky":false,"template":"","format":"standard","meta":{"ngg_post_thumbnail":0,"footnotes":""},"categories":[],"tags":[],"class_list":["post-2408","post","type-post","status-publish","format-standard","hentry"],"_links":{"self":[{"href":"https:\/\/kolo-nowaruda.klodzko.pttk.pl\/index.php\/wp-json\/wp\/v2\/posts\/2408","targetHints":{"allow":["GET"]}}],"collection":[{"href":"https:\/\/kolo-nowaruda.klodzko.pttk.pl\/index.php\/wp-json\/wp\/v2\/posts"}],"about":[{"href":"https:\/\/kolo-nowaruda.klodzko.pttk.pl\/index.php\/wp-json\/wp\/v2\/types\/post"}],"author":[{"embeddable":true,"href":"https:\/\/kolo-nowaruda.klodzko.pttk.pl\/index.php\/wp-json\/wp\/v2\/users\/141"}],"replies":[{"embeddable":true,"href":"https:\/\/kolo-nowaruda.klodzko.pttk.pl\/index.php\/wp-json\/wp\/v2\/comments?post=2408"}],"version-history":[{"count":1,"href":"https:\/\/kolo-nowaruda.klodzko.pttk.pl\/index.php\/wp-json\/wp\/v2\/posts\/2408\/revisions"}],"predecessor-version":[{"id":2409,"href":"https:\/\/kolo-nowaruda.klodzko.pttk.pl\/index.php\/wp-json\/wp\/v2\/posts\/2408\/revisions\/2409"}],"wp:attachment":[{"href":"https:\/\/kolo-nowaruda.klodzko.pttk.pl\/index.php\/wp-json\/wp\/v2\/media?parent=2408"}],"wp:term":[{"taxonomy":"category","embeddable":true,"href":"https:\/\/kolo-nowaruda.klodzko.pttk.pl\/index.php\/wp-json\/wp\/v2\/categories?post=2408"},{"taxonomy":"post_tag","embeddable":true,"href":"https:\/\/kolo-nowaruda.klodzko.pttk.pl\/index.php\/wp-json\/wp\/v2\/tags?post=2408"}],"curies":[{"name":"wp","href":"https:\/\/api.w.org\/{rel}","templated":true}]}}