{"id":289,"date":"2021-09-25T21:59:00","date_gmt":"2021-09-25T19:59:00","guid":{"rendered":"http:\/\/kolo-nowaruda.klodzko.n.pttk.pl\/?p=289"},"modified":"2021-11-12T22:12:46","modified_gmt":"2021-11-12T21:12:46","slug":"jesien-na-granicy","status":"publish","type":"post","link":"https:\/\/kolo-nowaruda.klodzko.pttk.pl\/index.php\/2021\/09\/25\/jesien-na-granicy\/","title":{"rendered":"Jesie\u0144 na granicy"},"content":{"rendered":"\n<p><a href=\"https:\/\/www.facebook.com\/ela.bisikiewicz?__cft__[0]=AZXOPqXCqxHjpR-ApPQV-C_s4WPIyJy6LNGNo_o4xnntqRdYmZdeT0N8ulGRB-uICOLx41-GJkq-YiqcVFnM37aTnZSr-YCTT08mbR7BEADWhLYoEoBXv-1Xv4WDEMDNfpo&amp;__tn__=-]K-R\">Ko\u0142o Pttk Gwark\u00f3w Noworudzkich<\/a> w sobot\u0119 25.09.2021r. w\u0119drowa\u0142o po pograniczu polsko-czeskim. Okolice Lichkova, Mladkova. Cud, mi\u00f3d i&#8230; Malina <img loading=\"lazy\" decoding=\"async\" height=\"16\" width=\"16\" alt=\"\ud83d\ude42\" src=\"https:\/\/static.xx.fbcdn.net\/images\/emoji.php\/v9\/t4c\/1\/16\/1f642.png\">. Jesie\u0144 powitali\u015bmy w\u0119druj\u0105c 25-09-21 pograniczem polsko-czeskim w g\u00f3rach Orlickich. W\u0119dr\u00f3wk\u0119 rozpoczynamy w Lichkovie . Wie\u015b za\u0142o\u017cono w 1569 r. , wzmiankowana jako Lichtenau. Po doj\u015bciu do granicy pa\u0144stwowej w\u0119drujemy zielonym szlakiem do przej\u015bcia granicznego Kamie\u0144czyk &#8211; Petrovicky. Na przej\u015bciu stoi historyczne drzewo graniczne, jesion z 1581 r. kt\u00f3ry rozdziela\u0142 posiad\u0142o\u015bci Zdenka Valdstejna i Michaela Tschirnhausa (Czernhaus) , nast\u0119pnie kierujemy si\u0119 do schroniska Kasparova Chata (niestety nieczynnego), wi\u0119c podziwiamy g\u00f3ry z wybitnego punktu widokowego obok schroniska. Czerwonym szlakiem schodzimy do Mladkova, niestety wszystkie lokale te\u017c by\u0142y tu pozamykane, wi\u0119c w\u0119drujemy zielonym szlakiem powrotnym do Lichkova. Kolejn\u0105 atrakcj\u0105 na trasie by\u0142a Ska\u0142a Maria\u0144ska,15-metrowej wysoko\u015bci gnejsowa ska\u0142a wspinaczkowa. W Lichkovie powrotny poci\u0105g ju\u017c czeka\u0142 na stacji, wi\u0119c szcz\u0119\u015bliwie zako\u0144czyli\u015bmy jesienn\u0105 w\u0119dr\u00f3wk\u0119.<\/p>\n\n\n\nngg_shortcode_0_placeholder\n","protected":false},"excerpt":{"rendered":"<p>Ko\u0142o Pttk Gwark\u00f3w Noworudzkich w sobot\u0119 25.09.2021r. w\u0119drowa\u0142o po pograniczu polsko-czeskim. Okolice Lichkova, Mladkova. Cud, mi\u00f3d i&#8230; Malina . Jesie\u0144 powitali\u015bmy w\u0119druj\u0105c 25-09-21 pograniczem polsko-czeskim w g\u00f3rach Orlickich. W\u0119dr\u00f3wk\u0119 rozpoczynamy w Lichkovie . Wie\u015b za\u0142o\u017cono w 1569 r. , wzmiankowana jako Lichtenau. Po doj\u015bciu do granicy pa\u0144stwowej w\u0119drujemy zielonym szlakiem do przej\u015bcia granicznego Kamie\u0144czyk &#8211; [&hellip;]<\/p>\n","protected":false},"author":141,"featured_media":0,"comment_status":"closed","ping_status":"closed","sticky":false,"template":"","format":"standard","meta":{"ngg_post_thumbnail":0,"footnotes":""},"categories":[],"tags":[],"class_list":["post-289","post","type-post","status-publish","format-standard","hentry"],"_links":{"self":[{"href":"https:\/\/kolo-nowaruda.klodzko.pttk.pl\/index.php\/wp-json\/wp\/v2\/posts\/289","targetHints":{"allow":["GET"]}}],"collection":[{"href":"https:\/\/kolo-nowaruda.klodzko.pttk.pl\/index.php\/wp-json\/wp\/v2\/posts"}],"about":[{"href":"https:\/\/kolo-nowaruda.klodzko.pttk.pl\/index.php\/wp-json\/wp\/v2\/types\/post"}],"author":[{"embeddable":true,"href":"https:\/\/kolo-nowaruda.klodzko.pttk.pl\/index.php\/wp-json\/wp\/v2\/users\/141"}],"replies":[{"embeddable":true,"href":"https:\/\/kolo-nowaruda.klodzko.pttk.pl\/index.php\/wp-json\/wp\/v2\/comments?post=289"}],"version-history":[{"count":2,"href":"https:\/\/kolo-nowaruda.klodzko.pttk.pl\/index.php\/wp-json\/wp\/v2\/posts\/289\/revisions"}],"predecessor-version":[{"id":405,"href":"https:\/\/kolo-nowaruda.klodzko.pttk.pl\/index.php\/wp-json\/wp\/v2\/posts\/289\/revisions\/405"}],"wp:attachment":[{"href":"https:\/\/kolo-nowaruda.klodzko.pttk.pl\/index.php\/wp-json\/wp\/v2\/media?parent=289"}],"wp:term":[{"taxonomy":"category","embeddable":true,"href":"https:\/\/kolo-nowaruda.klodzko.pttk.pl\/index.php\/wp-json\/wp\/v2\/categories?post=289"},{"taxonomy":"post_tag","embeddable":true,"href":"https:\/\/kolo-nowaruda.klodzko.pttk.pl\/index.php\/wp-json\/wp\/v2\/tags?post=289"}],"curies":[{"name":"wp","href":"https:\/\/api.w.org\/{rel}","templated":true}]}}