{"id":2952,"date":"2013-02-16T22:24:00","date_gmt":"2013-02-16T21:24:00","guid":{"rendered":"http:\/\/kolo-nowaruda.klodzko.n.pttk.pl\/?p=2952"},"modified":"2022-01-13T21:00:16","modified_gmt":"2022-01-13T20:00:16","slug":"i-rajd-w-gory-bystrzyckie","status":"publish","type":"post","link":"https:\/\/kolo-nowaruda.klodzko.pttk.pl\/index.php\/2013\/02\/16\/i-rajd-w-gory-bystrzyckie\/","title":{"rendered":"I Rajd w G\u00f3ry Bystrzyckie"},"content":{"rendered":"\n<p>16 lutego br. odby\u0142 si\u0119 pierwszy, inauguracyjny rajd noworudzkiego ko\u0142a PTTK pn. \u201eW poszukiwaniu prawdziwej zimy. G\u00f3ry Bystrzyckie\u201d, kt\u00f3rego organizatorami byli P. Karol Maliszewski, Izabela M\u00fcler oraz Agnieszka Chalcarz.<\/p>\n\n\n\n<p>W sobotni poranek zwarta i gotowa grupa 26 os\u00f3b wyruszy\u0142a dwoma busami do Zalesia ko\u0142o Bystrzycy &#8211; ma\u0142ej, urokliwej wioski, wspominanej ju\u017c w dokumentach historycznych z 1411 roku. Drewniany ko\u015bci\u00f3\u0142 pw. \u015bw. Anny, w kt\u00f3rym na 56 kasetonach stropu znajduj\u0105 si\u0119 sceny biblijne, zwane bibli\u0105 dla ubogich, by\u0142 pierwszym punktem wyprawy. Nast\u0119pnie wiod\u0105c\u0105 w g\u00f3r\u0119 drog\u0105, a potem za\u015bnie\u017conymi polami pomaszerowali\u015bmy w kierunku Huty z ruinami fortu. Nasz\u0105 w\u0119dr\u00f3wk\u0119 merytorycznie wzbogacali opowie\u015bciami przewodnik g\u00f3rski P. Czes\u0142aw Dominas oraz P. Karol Maliszewski. Du\u017ca mg\u0142a nie pozwoli\u0142a nam w pe\u0142ni cieszy\u0107 oczu mijanymi okolicami ani te\u017c dostrzec interesuj\u0105cych nas szczeg\u00f3\u0142\u00f3w. W\u0119drowali\u015bmy w\u0105skimi, za\u015bnie\u017conymi le\u015bnymi drogami w kierunku W\u00f3jtowskiej R\u00f3wni, sk\u0105d zielonym szlakiem udali\u015bmy si\u0119 w kierunku M\u0142ot\u00f3w i Spalonej. Mi\u0142o konwersuj\u0105c i ciesz\u0105c si\u0119 wyborowym towarzystwem zagapili\u015bmy zbaczaj\u0105c z zielonego szlaku, co skutkowa\u0142o konieczno\u015bci\u0105 nadrobienia 1,5 km odcinka trasy. Wszystkim jednak od pocz\u0105tku do ko\u0144ca towarzyszy\u0142 dobry humor i nawet te perypetie nie zdo\u0142a\u0142y go popsu\u0107. Trzy kr\u00f3tkie postoje pomog\u0142y nam zregenerowa\u0107 si\u0142y i posili\u0107 si\u0119 na dalsz\u0105 w\u0119dr\u00f3wk\u0119. Mijaj\u0105c pojedyncze gospodarstwa, wiekowe drzewa, biegn\u0105ce nam na powitanie psy doszli\u015bmy do Schroniska &#8222;Jagodna&#8221;. Przygotowany przez organizator\u00f3w konkurs wiedzy geograficznej wy\u0142oni\u0142 zwyci\u0119zc\u00f3w, kt\u00f3rym wr\u0119czono nagrody. Delikatnie zm\u0119czeni :), ale pe\u0142ni wra\u017ce\u0144, kt\u00f3rymi dzielili\u015bmy si\u0119 wracaj\u0105c busami do Nowej Rudy ju\u017c planujemy kolejne przygody na szlaku.<\/p>\n\n\n\n<p>(fot. El\u017cbieta Bisikiewicz, Edward Lada, Izabela M\u00fcler<\/p>\n\n\n\nngg_shortcode_0_placeholder\n","protected":false},"excerpt":{"rendered":"<p>16 lutego br. odby\u0142 si\u0119 pierwszy, inauguracyjny rajd noworudzkiego ko\u0142a PTTK pn. \u201eW poszukiwaniu prawdziwej zimy. G\u00f3ry Bystrzyckie\u201d, kt\u00f3rego organizatorami byli P. Karol Maliszewski, Izabela M\u00fcler oraz Agnieszka Chalcarz. W sobotni poranek zwarta i gotowa grupa 26 os\u00f3b wyruszy\u0142a dwoma busami do Zalesia ko\u0142o Bystrzycy &#8211; ma\u0142ej, urokliwej wioski, wspominanej ju\u017c w dokumentach historycznych z [&hellip;]<\/p>\n","protected":false},"author":141,"featured_media":0,"comment_status":"closed","ping_status":"closed","sticky":false,"template":"","format":"standard","meta":{"ngg_post_thumbnail":0,"footnotes":""},"categories":[],"tags":[],"class_list":["post-2952","post","type-post","status-publish","format-standard","hentry"],"_links":{"self":[{"href":"https:\/\/kolo-nowaruda.klodzko.pttk.pl\/index.php\/wp-json\/wp\/v2\/posts\/2952","targetHints":{"allow":["GET"]}}],"collection":[{"href":"https:\/\/kolo-nowaruda.klodzko.pttk.pl\/index.php\/wp-json\/wp\/v2\/posts"}],"about":[{"href":"https:\/\/kolo-nowaruda.klodzko.pttk.pl\/index.php\/wp-json\/wp\/v2\/types\/post"}],"author":[{"embeddable":true,"href":"https:\/\/kolo-nowaruda.klodzko.pttk.pl\/index.php\/wp-json\/wp\/v2\/users\/141"}],"replies":[{"embeddable":true,"href":"https:\/\/kolo-nowaruda.klodzko.pttk.pl\/index.php\/wp-json\/wp\/v2\/comments?post=2952"}],"version-history":[{"count":1,"href":"https:\/\/kolo-nowaruda.klodzko.pttk.pl\/index.php\/wp-json\/wp\/v2\/posts\/2952\/revisions"}],"predecessor-version":[{"id":3252,"href":"https:\/\/kolo-nowaruda.klodzko.pttk.pl\/index.php\/wp-json\/wp\/v2\/posts\/2952\/revisions\/3252"}],"wp:attachment":[{"href":"https:\/\/kolo-nowaruda.klodzko.pttk.pl\/index.php\/wp-json\/wp\/v2\/media?parent=2952"}],"wp:term":[{"taxonomy":"category","embeddable":true,"href":"https:\/\/kolo-nowaruda.klodzko.pttk.pl\/index.php\/wp-json\/wp\/v2\/categories?post=2952"},{"taxonomy":"post_tag","embeddable":true,"href":"https:\/\/kolo-nowaruda.klodzko.pttk.pl\/index.php\/wp-json\/wp\/v2\/tags?post=2952"}],"curies":[{"name":"wp","href":"https:\/\/api.w.org\/{rel}","templated":true}]}}