{"id":2953,"date":"2013-02-16T20:00:00","date_gmt":"2013-02-16T19:00:00","guid":{"rendered":"http:\/\/kolo-nowaruda.klodzko.n.pttk.pl\/?p=2953"},"modified":"2021-12-21T10:21:30","modified_gmt":"2021-12-21T09:21:30","slug":"i-zimowy-spacer-po-nowej-rudzie","status":"publish","type":"post","link":"https:\/\/kolo-nowaruda.klodzko.pttk.pl\/index.php\/2013\/02\/16\/i-zimowy-spacer-po-nowej-rudzie\/","title":{"rendered":"I Zimowy spacer po Nowej Rudzie"},"content":{"rendered":"<p>W niedziel\u0119, 24 lutego 2013r. kol. Czes\u0142aw Dominas poprowadzi\u0142 nas i cz\u0142onk\u00f3w zaprzyja\u017anionego Ko\u0142a PTTK pn. &#8222;Ducha G\u00f3r Liczyrzepy&#8221; z Dusznik Zdroju na niezwyk\u0142y spacer po r\u00f3wnie niezwyk\u0142ej Nowej Rudzie.<\/p>\n<p>24 lutego br. cz\u0142onkowie zaprzyja\u017anionego ko\u0142a z Dusznik&nbsp; przyjechali do Nowej Rudy. Wsp\u00f3lnie z mieszka\u0144cami oraz go\u015b\u0107mi z okolic, pod kierunkiem przewodnika &#8211; Czes\u0142awa Dominasa przeszli ulicami miasta. Spacer, w kt\u00f3rym wzi\u0119\u0142o udzia\u0142 31 os\u00f3b rozpocz\u0105\u0142 si\u0119 od centralnego miejsca jakim jest noworudzki rynek. P.Czes\u0142aw Dominas w bardzo ciekawy spos\u00f3b przedstawia\u0142 ogl\u0105dane miejsca oraz dzieje grodu nad W\u0142odzic\u0105. Spacer stanowi\u0142 zapowied\u017a dzia\u0142a\u0144 jakie noworudzkie ko\u0142o PTTK planuje wpisa\u0107 w cykliczny kalendarz rocznych wydarze\u0144. Spore zainteresowanie tego typu dzia\u0142aniami turystycznymi powoduje, \u017ce plan kolejnych spacer\u00f3w, rajd\u00f3w i wycieczek noworudzkiego ko\u0142a PTTK wci\u0105\u017c jest rozbudowywany. Ju\u017c na t\u0119 sobot\u0119, 2 marca zapraszamy wszystkich ch\u0119tnych do wzi\u0119cia udzia\u0142u w wycieczce do Walimia celem zwiedzenia kompleksu &#8222;W\u0142odarz&#8221;.<\/p>\n<p>(fot. E.Bisikiewicz, E.Lada)<\/p>\n\n\nngg_shortcode_0_placeholder\n","protected":false},"excerpt":{"rendered":"<p>W niedziel\u0119, 24 lutego 2013r. kol. Czes\u0142aw Dominas poprowadzi\u0142 nas i cz\u0142onk\u00f3w zaprzyja\u017anionego Ko\u0142a PTTK pn. &#8222;Ducha G\u00f3r Liczyrzepy&#8221; z Dusznik Zdroju na niezwyk\u0142y spacer po r\u00f3wnie niezwyk\u0142ej Nowej Rudzie. 24 lutego br. cz\u0142onkowie zaprzyja\u017anionego ko\u0142a z Dusznik&nbsp; przyjechali do Nowej Rudy. Wsp\u00f3lnie z mieszka\u0144cami oraz go\u015b\u0107mi z okolic, pod kierunkiem przewodnika &#8211; Czes\u0142awa Dominasa [&hellip;]<\/p>\n","protected":false},"author":141,"featured_media":0,"comment_status":"closed","ping_status":"closed","sticky":false,"template":"","format":"standard","meta":{"ngg_post_thumbnail":0,"footnotes":""},"categories":[],"tags":[],"class_list":["post-2953","post","type-post","status-publish","format-standard","hentry"],"_links":{"self":[{"href":"https:\/\/kolo-nowaruda.klodzko.pttk.pl\/index.php\/wp-json\/wp\/v2\/posts\/2953","targetHints":{"allow":["GET"]}}],"collection":[{"href":"https:\/\/kolo-nowaruda.klodzko.pttk.pl\/index.php\/wp-json\/wp\/v2\/posts"}],"about":[{"href":"https:\/\/kolo-nowaruda.klodzko.pttk.pl\/index.php\/wp-json\/wp\/v2\/types\/post"}],"author":[{"embeddable":true,"href":"https:\/\/kolo-nowaruda.klodzko.pttk.pl\/index.php\/wp-json\/wp\/v2\/users\/141"}],"replies":[{"embeddable":true,"href":"https:\/\/kolo-nowaruda.klodzko.pttk.pl\/index.php\/wp-json\/wp\/v2\/comments?post=2953"}],"version-history":[{"count":3,"href":"https:\/\/kolo-nowaruda.klodzko.pttk.pl\/index.php\/wp-json\/wp\/v2\/posts\/2953\/revisions"}],"predecessor-version":[{"id":3251,"href":"https:\/\/kolo-nowaruda.klodzko.pttk.pl\/index.php\/wp-json\/wp\/v2\/posts\/2953\/revisions\/3251"}],"wp:attachment":[{"href":"https:\/\/kolo-nowaruda.klodzko.pttk.pl\/index.php\/wp-json\/wp\/v2\/media?parent=2953"}],"wp:term":[{"taxonomy":"category","embeddable":true,"href":"https:\/\/kolo-nowaruda.klodzko.pttk.pl\/index.php\/wp-json\/wp\/v2\/categories?post=2953"},{"taxonomy":"post_tag","embeddable":true,"href":"https:\/\/kolo-nowaruda.klodzko.pttk.pl\/index.php\/wp-json\/wp\/v2\/tags?post=2953"}],"curies":[{"name":"wp","href":"https:\/\/api.w.org\/{rel}","templated":true}]}}