{"id":2956,"date":"2013-03-16T20:00:00","date_gmt":"2013-03-16T18:00:00","guid":{"rendered":"http:\/\/kolo-nowaruda.klodzko.n.pttk.pl\/?p=2956"},"modified":"2021-12-21T10:20:13","modified_gmt":"2021-12-21T09:20:13","slug":"iv-rajd-na-wielka-sowe","status":"publish","type":"post","link":"https:\/\/kolo-nowaruda.klodzko.pttk.pl\/index.php\/2013\/03\/16\/iv-rajd-na-wielka-sowe\/","title":{"rendered":"IV Rajd na Wielk\u0105 Sow\u0119"},"content":{"rendered":"<p>Dnia 23 marca 2013r. grupa turyst\u00f3w pod kierunkiem kol. Karola Maliszewskiego i kol. Izabeli M\u00fcller dokona\u0142a zimowego wej\u015bcia na Wielk\u0105 Sow\u0119 z Pieszyc-Kamionek.<\/p>\n<p>Zdj\u0119cia: W.Telus, E.Lada<\/p>\n<p>O godzinie 9:00 grupa wyruszy\u0142a busem spod noworudzkiego MOK-u do Pieszyc-Kamionek. Oko\u0142o 9:30 trafili\u015bmy w okolice zabytkowego ko\u015bcio\u0142a, sk\u0105d \u015bcie\u017ck\u0105 edukacyjn\u0105 pow\u0119drowali\u015bmy w kierunku formacji skalnej &#8222;Sze\u015b\u0107 S\u00f3wek&#8221;. Brn\u0105c po pas w \u015bniegu stopniowo zag\u0142\u0119biali\u015bmy si\u0119 w le\u015bne kompleksy G\u00f3r Sowich. Oko\u0142o godziny 11:00 osi\u0105gn\u0119li\u015bmy w\u0119ze\u0142 szlak\u00f3w znany jako &#8222;Stara Jod\u0142a&#8221;. Jod\u0142a &#8211; ta stara &#8211; zosta\u0142a niestety powalona przed laty przez pot\u0119\u017cn\u0105 burz\u0119, ale le\u015bnicy podtrzymali tradycj\u0119 i na miejscu le\u015bnego seniora posadzili nowe drzewo. Oczywi\u015bcie &#8211; jod\u0142\u0119. Otoczona starann\u0105 opiek\u0105 wzrasta \u015bmia\u0142o i liczy sobie ju\u017c 30 lat.<\/p>\n<p>Z w\u0119z\u0142a szlak\u00f3w Stara Jod\u0142a powoli ruszyli\u015bmy zdobywa\u0107 Wielk\u0105 Sow\u0119, szlakiem niebieskim, przez wzniesienie M\u0142y\u0144sko. Trzeba przyzna\u0107, \u017ce wyzwanie by\u0142o ogromne. Mr\u00f3z, g\u0142\u0119boki \u015bnieg i strome podej\u015bcie wszystkim da\u0142y si\u0119 we znaki. Na sam koniec ch\u0142opcy &#8222;przecieraj\u0105cy&#8221; szlak zgubili drog\u0119 i poprowadzili nas nowatorskim &#8222;bia\u0142ym szlakiem&#8221;, slalomem mi\u0119dzy sosenkami. Zdobycie szczytu Wielkiej Sowy wymaga\u0142o zatem nie lada odwagi i si\u0142y. Widoki, jakie dane nam by\u0142o ogl\u0105da\u0107 by\u0142y jednak tego warte.<\/p>\n<p>Szczyt Wielkiej Sowy osi\u0105gali\u015bmy grupami. Pierwsza &#8222;szpica&#8221; zdoby\u0142a szczyt oko\u0142o godziny 12:00, ostatnia podgrupa wspi\u0119\u0142a si\u0119 oko\u0142o 14:00. Potem ju\u017c by\u0142o bardzo \u0142atwe zej\u015bcie do schroniska &#8222;Sowa&#8221;, gdzie rozegrano okoliczno\u015bciowy konkurs krajoznawczy (z nagrodami!). Po ciep\u0142ej herbacie i posi\u0142ku grupa ruszy\u0142a w kierunku Prze\u0142\u0119czy Sokolej, sk\u0105d odebra\u0142 nas bus do Nowej Rudy. Rajd zako\u0144czyli\u015bmy oko\u0142o godziny 17:00.<\/p>\n<p>Organizatorzy zimowego rajdu na Wielk\u0105 Sow\u0119 zapowiadaj\u0105 wkr\u00f3tce nowe wycieczki po mniej znanych obszarach Sudet\u00f3w. Serdecznie zapraszamy w imieniu organizator\u00f3w i Ko\u0142a PTTK w Nowej Rudzie.<\/p>\n","protected":false},"excerpt":{"rendered":"<p>Dnia 23 marca 2013r. grupa turyst\u00f3w pod kierunkiem kol. Karola Maliszewskiego i kol. Izabeli M\u00fcller dokona\u0142a zimowego wej\u015bcia na Wielk\u0105 Sow\u0119 z Pieszyc-Kamionek. Zdj\u0119cia: W.Telus, E.Lada O godzinie 9:00 grupa wyruszy\u0142a busem spod noworudzkiego MOK-u do Pieszyc-Kamionek. Oko\u0142o 9:30 trafili\u015bmy w okolice zabytkowego ko\u015bcio\u0142a, sk\u0105d \u015bcie\u017ck\u0105 edukacyjn\u0105 pow\u0119drowali\u015bmy w kierunku formacji skalnej &#8222;Sze\u015b\u0107 S\u00f3wek&#8221;. Brn\u0105c [&hellip;]<\/p>\n","protected":false},"author":141,"featured_media":0,"comment_status":"closed","ping_status":"closed","sticky":false,"template":"","format":"standard","meta":{"ngg_post_thumbnail":0,"footnotes":""},"categories":[],"tags":[],"class_list":["post-2956","post","type-post","status-publish","format-standard","hentry"],"_links":{"self":[{"href":"https:\/\/kolo-nowaruda.klodzko.pttk.pl\/index.php\/wp-json\/wp\/v2\/posts\/2956","targetHints":{"allow":["GET"]}}],"collection":[{"href":"https:\/\/kolo-nowaruda.klodzko.pttk.pl\/index.php\/wp-json\/wp\/v2\/posts"}],"about":[{"href":"https:\/\/kolo-nowaruda.klodzko.pttk.pl\/index.php\/wp-json\/wp\/v2\/types\/post"}],"author":[{"embeddable":true,"href":"https:\/\/kolo-nowaruda.klodzko.pttk.pl\/index.php\/wp-json\/wp\/v2\/users\/141"}],"replies":[{"embeddable":true,"href":"https:\/\/kolo-nowaruda.klodzko.pttk.pl\/index.php\/wp-json\/wp\/v2\/comments?post=2956"}],"version-history":[{"count":1,"href":"https:\/\/kolo-nowaruda.klodzko.pttk.pl\/index.php\/wp-json\/wp\/v2\/posts\/2956\/revisions"}],"predecessor-version":[{"id":3247,"href":"https:\/\/kolo-nowaruda.klodzko.pttk.pl\/index.php\/wp-json\/wp\/v2\/posts\/2956\/revisions\/3247"}],"wp:attachment":[{"href":"https:\/\/kolo-nowaruda.klodzko.pttk.pl\/index.php\/wp-json\/wp\/v2\/media?parent=2956"}],"wp:term":[{"taxonomy":"category","embeddable":true,"href":"https:\/\/kolo-nowaruda.klodzko.pttk.pl\/index.php\/wp-json\/wp\/v2\/categories?post=2956"},{"taxonomy":"post_tag","embeddable":true,"href":"https:\/\/kolo-nowaruda.klodzko.pttk.pl\/index.php\/wp-json\/wp\/v2\/tags?post=2956"}],"curies":[{"name":"wp","href":"https:\/\/api.w.org\/{rel}","templated":true}]}}