{"id":3261,"date":"2013-04-20T00:00:00","date_gmt":"2013-04-19T22:00:00","guid":{"rendered":""},"modified":"2021-12-23T00:01:27","modified_gmt":"2021-12-22T23:01:27","slug":"rajd-w-gory-zelazne","status":"publish","type":"post","link":"https:\/\/kolo-nowaruda.klodzko.pttk.pl\/index.php\/2013\/04\/20\/rajd-w-gory-zelazne\/","title":{"rendered":"Rajd w G\u00f3ry \u017belazne"},"content":{"rendered":"\n<p>W sobot\u0119, 20 kwietnia 2013r. cz\u0142onkowie Ko\u0142a PTTK z Nowej Rudy w\u0119drowali po G\u00f3rach \u017belaznych (okolice O\u0142drzychowic K\u0142odzkich i Bystrzycy K\u0142odzkiej).<\/p>\n\n\n\n<p>(fot. E.Lada)<\/p>\n\n\n\nngg_shortcode_0_placeholder\n","protected":false},"excerpt":{"rendered":"<p>W sobot\u0119, 20 kwietnia 2013r. cz\u0142onkowie Ko\u0142a PTTK z Nowej Rudy w\u0119drowali po G\u00f3rach \u017belaznych (okolice O\u0142drzychowic K\u0142odzkich i Bystrzycy K\u0142odzkiej). (fot. E.Lada)<\/p>\n","protected":false},"author":141,"featured_media":0,"comment_status":"closed","ping_status":"closed","sticky":false,"template":"","format":"standard","meta":{"ngg_post_thumbnail":0,"footnotes":""},"categories":[],"tags":[],"class_list":["post-3261","post","type-post","status-publish","format-standard","hentry"],"_links":{"self":[{"href":"https:\/\/kolo-nowaruda.klodzko.pttk.pl\/index.php\/wp-json\/wp\/v2\/posts\/3261","targetHints":{"allow":["GET"]}}],"collection":[{"href":"https:\/\/kolo-nowaruda.klodzko.pttk.pl\/index.php\/wp-json\/wp\/v2\/posts"}],"about":[{"href":"https:\/\/kolo-nowaruda.klodzko.pttk.pl\/index.php\/wp-json\/wp\/v2\/types\/post"}],"author":[{"embeddable":true,"href":"https:\/\/kolo-nowaruda.klodzko.pttk.pl\/index.php\/wp-json\/wp\/v2\/users\/141"}],"replies":[{"embeddable":true,"href":"https:\/\/kolo-nowaruda.klodzko.pttk.pl\/index.php\/wp-json\/wp\/v2\/comments?post=3261"}],"version-history":[{"count":2,"href":"https:\/\/kolo-nowaruda.klodzko.pttk.pl\/index.php\/wp-json\/wp\/v2\/posts\/3261\/revisions"}],"predecessor-version":[{"id":3595,"href":"https:\/\/kolo-nowaruda.klodzko.pttk.pl\/index.php\/wp-json\/wp\/v2\/posts\/3261\/revisions\/3595"}],"wp:attachment":[{"href":"https:\/\/kolo-nowaruda.klodzko.pttk.pl\/index.php\/wp-json\/wp\/v2\/media?parent=3261"}],"wp:term":[{"taxonomy":"category","embeddable":true,"href":"https:\/\/kolo-nowaruda.klodzko.pttk.pl\/index.php\/wp-json\/wp\/v2\/categories?post=3261"},{"taxonomy":"post_tag","embeddable":true,"href":"https:\/\/kolo-nowaruda.klodzko.pttk.pl\/index.php\/wp-json\/wp\/v2\/tags?post=3261"}],"curies":[{"name":"wp","href":"https:\/\/api.w.org\/{rel}","templated":true}]}}