{"id":3265,"date":"2013-05-20T00:00:00","date_gmt":"2013-05-19T22:00:00","guid":{"rendered":""},"modified":"2021-12-22T09:42:15","modified_gmt":"2021-12-22T08:42:15","slug":"smaki-natury","status":"publish","type":"post","link":"https:\/\/kolo-nowaruda.klodzko.pttk.pl\/index.php\/2013\/05\/20\/smaki-natury\/","title":{"rendered":"Smaki Natury"},"content":{"rendered":"<p>Relacj\u0119 z wycieczki szlakami smak\u00f3w natury, z dnia 20 maja 2013r. przygotowa\u0142a kol. Anna Szczepan.<\/p>\n<p>Znowu zwiedzali\u015bmy znane nieznane\u2026<\/p>\n<p>Czyli najbli\u017csze noworudzkie, a w\u0142a\u015bciwie nawet s\u0142upieckie, s\u0105siedztwo.\u00a0 W poniedzia\u0142ek (20 maja) 30 osobowa grupa s\u0142uchaczy NUTW i cz\u0142onk\u00f3w PTTK wyruszy\u0142a z samego rana do pobliskiego Gorzuchowa. Zabytk\u00f3w do zwiedzania Gorzuch\u00f3w co prawda nie posiada ( mo\u017ce z wyj\u0105tkiem XIX wiecznej kolumny maryjnej z kartuszem herbowym na g\u0142owicy, zwie\u0144czonej figur\u0105 Matki Boskiej z Dzieci\u0105tkiem oraz oszklonej kapliczki z figur\u0105 Matki Boskiej z tego samego okresu), ale jest tam bardzo pr\u0119\u017cnie dzia\u0142aj\u0105ce \u2026gospodarstwo pasieczne, za\u0142o\u017cone w 1952 roku przez znakomitego pszczelarza Stanis\u0142awa Odorczyka. Obecnie z du\u017cym powodzeniem pszczo\u0142ami zajmuje si\u0119 zi\u0119\u0107 Pana Stanis\u0142awa \u2013 Edward Szymczak z rodzin\u0105 \u2013 \u017con\u0105 Jolant\u0105 i synem Sebastianem. I w\u0142a\u015bnie z pszcz\u00f3\u0142kami i miodkiem sp\u0119dzili\u015bmy dwie nad wyraz przyjemne godziny. Najpierw, ubrani w ochronne kapelusze z wielk\u0105 ciekawo\u015bci\u0105 zagl\u0105dali\u015bmy do ula, z kt\u00f3rego Pan Edward wyci\u0105ga\u0142 ramki z pracuj\u0105cymi tam pszczo\u0142ami, osadzonymi na w\u0119zie kroplami miodu, czy zasklepionymi jeszcze w kom\u00f3rkach m\u0142odymi pszczo\u0142ami. Widzieli\u015bmy te\u017c dorodnego trutnia, kt\u00f3remu pracowite pszcz\u00f3\u0142ki podaj\u0105 jedzenie ( taki to ma dobrze \u2013 co prawda do czasu). By\u0142 te\u017c czas na opowie\u015bci o miodzie i jego w\u0142asno\u015bciach leczniczych, o dobroczynnym dzia\u0142aniu py\u0142ku pszczelego i propolisu. Przy okazji spr\u00f3bowali\u015bmy pysznego miodu pitnego (tr\u00f3jniaka), jasnego miodu wielokwiatowego i ciemnego naktarowo \u2013 spadziowego. Gospodarze pocz\u0119stowali nas te\u017c orze\u017awiaj\u0105cym napojem z miodu (oczywi\u015bcie), cytryny i mi\u0119ty i domowym, \u015bwie\u017cutkim ciastem. Nie trzeba chyba dodawa\u0107, \u017ce miodowe zakupy uda\u0142y si\u0119 r\u00f3wnie znakomicie. Nasze spotkanie \u201ez pszczo\u0142ami\u201d u\u015bwietni\u0142 swoj\u0105 obecno\u015bci\u0105 Pan Zbigniew Hnatiuk, v-ce prezes Ko\u0142a Pszczelarzy w K\u0142odzku. Tak wi\u0119c w doskona\u0142ych humorach ( na bank, po degustacji tr\u00f3jniaka), udali\u015bmy si\u0119 do nast\u0119pnego miejsca naszej wycieczki. Mijaj\u0105c po drodze wzg\u00f3rze Grodziszcze \u2013 kiedy\u015b widocznymi\u00a0 z daleka \u00a0romantycznymi, dziewi\u0119tnastowiecznymi\u00a0 sztucznymi ruinami, dojechali\u015bmy do pobliskiego Bo\u017ckowa \u2013 jednej z najstarszych osad na ziemi k\u0142odzkiej. Pan Profesor Stefan Sztajerwald zrobi\u0142 nam t\u0119 grzeczno\u015b\u0107 i zgodzi\u0142 si\u0119 by\u0107 przewodnikiem po tej pi\u0119knie po\u0142o\u017conej miejscowo\u015bci. Trzystuletni ko\u015bci\u00f3\u0142 \u015b\u015b. Piotra i Paw\u0142a zachwyci\u0142 nas (zapewne prawie wszystkich po raz kolejny) swoj\u0105 nietypow\u0105 ambon\u0105 w kszta\u0142cie \u0142odzi ze \u015bw. Piotrem jako sternikiem. Zajrzeli\u015bmy te\u017c do kaplicy kolatorskiej Antoniego Aleksandra von Magnisa, pierwszego w\u0142a\u015bciciela ziemi bo\u017ckowskiej z rodu Magnis\u00f3w, a tak\u017ce do mauzoleum Magnis\u00f3w na zewn\u0105trz ko\u015bcio\u0142a. Razem z naszym przewodnikiem spacerkiem podeszli\u015bmy pod przepi\u0119kny, zdrowy, olbrzymi d\u0105b pami\u0119taj\u0105cy zapewne czasy \u015bwietno\u015bci bo\u017ckowskiego pa\u0142acu ( a mo\u017ce i nieco wcze\u015bniejsze dzieje). Pa\u0142ac obejrzeli\u015bmy jedynie z zewn\u0105trz ( bo na wej\u015bcie do mocno zrujnowanego wn\u0119trza pa\u0142acu nie zgodzi\u0142 si\u0119 jego obecny w\u0142a\u015bciciel \u2013 my\u015bl\u0119, \u017c\u0119 ze wzgl\u0119d\u00f3w bezpiecze\u0144stwa), s\u0142uchaj\u0105c jego historii i zapami\u0119tuj\u0105c na zdj\u0119ciach pi\u0119kn\u0105 bry\u0142\u0119 budowli. Na chwil\u0119 zab\u0142\u0105dzili\u015bmy do pobliskich Czerwie\u0144czyc by zerkn\u0105\u0107 do rokokowego, pi\u0119knie odnowionego ko\u015bcio\u0142a \u015bw. Bart\u0142omieja i na moment \u00a0przystan\u0105\u0107 przy XV \u2013 wiecznym pokutnym krzy\u017cu na przyko\u015bcielnym cmentarzu. Nast\u0119pny nasz przystanek to \u015awi\u0119cko z zabytkowym ( XVIII wiek) ko\u015bci\u00f3\u0142kiem \u015bw. Floriana. R\u00f3wnie zabytkowa i z rzadko spotykanym motywem w\u0119\u017ca pe\u0142zn\u0105cego u st\u00f3p Jezusa ukrzy\u017cowanego, jest grupa figuralna stoj\u0105ca przed ko\u015bcio\u0142em. Niewielki ko\u015bci\u00f3\u0142ek by\u0142 pocz\u0105tkowo kaplica cmentarn\u0105. O tym, \u017ce kiedy\u015b wok\u00f3\u0142 ko\u015bcio\u0142a by\u0142 cmentarz, \u015bwiadczy ju\u017c jedynie zachowany na jego ty\u0142ach zabytkowy (pocz\u0105tek XIX wieku) metalowy krzy\u017c nagrobny. W \u015awi\u0119cku zachowa\u0142 si\u0119 te\u017c XIX \u2013 wieczny budynek dworu ( obecnie budynek mieszkalny). Jad\u0105c dalej w kierunku K\u0142odzka, zboczyli\u015bmy do niedalekich Piszkowic. W bardzo zabytkowym ko\u015bciele \u015bw. Jana przywita\u0142 nas ks. Jan, kt\u00f3rego nie tak dawno spotykali\u015bmy w naszym s\u0142upieckim ko\u015bciele. XIV \u2013 wieczna \u015bwi\u0105tynia ( po trzech po\u017carach) mocno niegdy\u015b zaniedbana odzyskuje powoli dawny blask (aktualnie w\u0142a\u015bnie trwaj\u0105 prace przy elewacji). Ko\u015bci\u00f3\u0142 ma bardzo \u0142adn\u0105 chrzcielnic\u0119 i bardzo rzadko spotykan\u0105 kaplic\u0119 dusz czy\u015bcowych z witra\u017cem (oryginalnym) przedstawiaj\u0105cym powr\u00f3t syna marnotrawnego, r\u00f3wnie rzadko spotykanym jak wspomniana kaplica. Nieopodal ko\u015bcio\u0142a zaczynaj\u0105 \u00a0ju\u017c straszy\u0107 ruiny barokowego, piszkowickiego pa\u0142acu i \u017cal patrze\u0107 na resztki tarasowych ogrod\u00f3w. Ciekawostk\u0105 jest, \u017ce a\u017c do wieku XIX istnia\u0142o tu pa\u0144stwo Piszkowickie (obejmuj\u0105ce Piszkowice, Ruszowice, cz\u0119\u015bciowo \u015acinawk\u0119 Doln\u0105, Suszyn\u0119, Studzienn\u0105 i Kamienic\u0119). A pa\u0142ac niszczeje sobie od lat 90 \u2013 tych ubieg\u0142ego stulecia.<\/p>\n<p>W Go\u0142og\u0142owach\u00a0 zachwyci\u0142 nas malutki ko\u015bci\u00f3\u0142ek \u015bw. Antoniego z wizerunkami ewangelist\u00f3w na \u015bcianach i postaci\u0105 \u015bw. Jana Nepomucena umieszczon\u0105 na balustradzie balkonu, a przy o\u0142tarzu pi\u0119kn\u0105 figur\u0105 Matki Bo\u017cej. Tu\u017c obok ko\u015bcio\u0142a mieli\u015bmy okazj\u0119 obejrze\u0107 jedn\u0105 z najciekawszych zagr\u00f3d kmiecych na ziemi k\u0142odzkiej, bowiem szczyt bramy wjazdowej zdobi\u0105 trzy kamienne rze\u017aby. Porz\u0105dnie ju\u017c g\u0142odni i nieco zm\u0119czeni dojechali\u015bmy do Z\u0142otego Pstr\u0105ga w Boguszynie. Tam czeka\u0142 ju\u017c na nas smaczny pstr\u0105g z dodatkami. Przystawk\u0105 do dania g\u0142\u00f3wnego by\u0142 gulasz rybny (i owszem smakowity) \u2013 nowo\u015b\u0107, kt\u00f3ra ma na sta\u0142e zago\u015bci\u0107 w jad\u0142ospisie.<\/p>\n<p><em>Anna Szczepan<\/em><\/p>\n<p>NUTW i PTTK<\/p>\n","protected":false},"excerpt":{"rendered":"<p>Relacj\u0119 z wycieczki szlakami smak\u00f3w natury, z dnia 20 maja 2013r. przygotowa\u0142a kol. Anna Szczepan. Znowu zwiedzali\u015bmy znane nieznane\u2026 Czyli najbli\u017csze noworudzkie, a w\u0142a\u015bciwie nawet s\u0142upieckie, s\u0105siedztwo.\u00a0 W poniedzia\u0142ek (20 maja) 30 osobowa grupa s\u0142uchaczy NUTW i cz\u0142onk\u00f3w PTTK wyruszy\u0142a z samego rana do pobliskiego Gorzuchowa. Zabytk\u00f3w do zwiedzania Gorzuch\u00f3w co prawda nie posiada ( [&hellip;]<\/p>\n","protected":false},"author":141,"featured_media":0,"comment_status":"closed","ping_status":"closed","sticky":false,"template":"","format":"standard","meta":{"ngg_post_thumbnail":0,"footnotes":""},"categories":[],"tags":[],"class_list":["post-3265","post","type-post","status-publish","format-standard","hentry"],"_links":{"self":[{"href":"https:\/\/kolo-nowaruda.klodzko.pttk.pl\/index.php\/wp-json\/wp\/v2\/posts\/3265","targetHints":{"allow":["GET"]}}],"collection":[{"href":"https:\/\/kolo-nowaruda.klodzko.pttk.pl\/index.php\/wp-json\/wp\/v2\/posts"}],"about":[{"href":"https:\/\/kolo-nowaruda.klodzko.pttk.pl\/index.php\/wp-json\/wp\/v2\/types\/post"}],"author":[{"embeddable":true,"href":"https:\/\/kolo-nowaruda.klodzko.pttk.pl\/index.php\/wp-json\/wp\/v2\/users\/141"}],"replies":[{"embeddable":true,"href":"https:\/\/kolo-nowaruda.klodzko.pttk.pl\/index.php\/wp-json\/wp\/v2\/comments?post=3265"}],"version-history":[{"count":1,"href":"https:\/\/kolo-nowaruda.klodzko.pttk.pl\/index.php\/wp-json\/wp\/v2\/posts\/3265\/revisions"}],"predecessor-version":[{"id":3293,"href":"https:\/\/kolo-nowaruda.klodzko.pttk.pl\/index.php\/wp-json\/wp\/v2\/posts\/3265\/revisions\/3293"}],"wp:attachment":[{"href":"https:\/\/kolo-nowaruda.klodzko.pttk.pl\/index.php\/wp-json\/wp\/v2\/media?parent=3265"}],"wp:term":[{"taxonomy":"category","embeddable":true,"href":"https:\/\/kolo-nowaruda.klodzko.pttk.pl\/index.php\/wp-json\/wp\/v2\/categories?post=3265"},{"taxonomy":"post_tag","embeddable":true,"href":"https:\/\/kolo-nowaruda.klodzko.pttk.pl\/index.php\/wp-json\/wp\/v2\/tags?post=3265"}],"curies":[{"name":"wp","href":"https:\/\/api.w.org\/{rel}","templated":true}]}}