{"id":3266,"date":"2013-05-24T00:00:00","date_gmt":"2013-05-23T22:00:00","guid":{"rendered":""},"modified":"2021-12-22T09:42:14","modified_gmt":"2021-12-22T08:42:14","slug":"ix-rajd-pttk-nowa-ruda-w-gory-sowie","status":"publish","type":"post","link":"https:\/\/kolo-nowaruda.klodzko.pttk.pl\/index.php\/2013\/05\/24\/ix-rajd-pttk-nowa-ruda-w-gory-sowie\/","title":{"rendered":"IX Rajd PTTK Nowa Ruda &#8211; w G\u00f3ry Sowie"},"content":{"rendered":"<p>24 maja 2013r. Grupa turyst\u00f3w pod kierunkiem niestrudzonego kol. Czes\u0142awa Dominasa wyruszy\u0142a na szlaki p\u00f3\u0142nocno-zachodnich stok\u00f3w G\u00f3r Sowich.<\/p>\n<p>Odkrywamy tajemnice G\u00f3r Sowich<\/p>\n<p>Majowa pogoda nas nie rozpieszcza. Panuj\u0105ce do\u015b\u0107 niskie temperatury, brak promieni s\u0142onecznych i opady deszczu nie przeszkadzaj\u0105 jednak w dzia\u0142alno\u015bci Ko\u0142a PTTK im. \u201eGwark\u00f3w Noworudzkich\u201d, kt\u00f3re wsp\u00f3lnie z Noworudzkim Stowarzyszeniem Pro Publico Bono oraz Szkolnym Klubem Turystyczno-Krajoznawczym przy Szkole Podstawowej nr 7 w Nowej Rudzie-S\u0142upcu, kierowanym przez Jana Oko\u0144skiego, w minion\u0105 sobot\u0119, 25 maja 2013 r. zorganizowa\u0142o w\u0119dr\u00f3wk\u0119 pn. \u201eOdkrywamy tajemnice G\u00f3r Sowich\u201d. Sw\u00f3j pocz\u0105tek wyprawa mia\u0142a w \u015awierkach, do kt\u00f3rych uczestnicy dojechali busem. Po marszu stokiem Wzg\u00f3rz Wyr\u0119bi\u0144skich i zdobyciu wzniesienia Gontowa przyszed\u0142 czas na odpoczynek z tradycyjnym ogniskiem i pieczeniem kie\u0142basek. W czasie wycieczki uczniowie z zainteresowaniem s\u0142uchali opowie\u015bci Czes\u0142awa Dominasa &#8211; prowadz\u0105cego w\u0119dr\u00f3wk\u0119, oraz z zaciekawieniem przygl\u0105dali si\u0119 otaczaj\u0105cej zewsz\u0105d przyrodzie: ma\u0142ej \u017cabce, hubie na drzewie, paprociom, modrzewiom i \u015bwierkom, uczestnicz\u0105c w nieustaj\u0105cej lekcji prowadzonej przez Pana od przyrody. Po zej\u015bciu do Sokolca tury\u015bci musieli wspi\u0105\u0107 si\u0119 na Prze\u0142\u0119cz Sokol\u0105, gdzie przy stoisku z pami\u0105tkami zrobili sobie ma\u0142y odpoczynek. Przy drodze podziwiali nowe domki o ciekawej architekturze i barwnych, pastelowych elewacjach. Dalsza cz\u0119\u015b\u0107 w\u0119dr\u00f3wki wiod\u0142a asfaltow\u0105 drog\u0105 prowadz\u0105c\u0105 do Sierpnicy, z kt\u00f3rej zej\u015bcie zaprowadzi\u0142o rajdowicz\u00f3w do malowniczego p\u0142askowy\u017cu. Roztacza\u0142 si\u0119 z niego przepi\u0119kny widok na G\u00f3ry Czarne i Wa\u0142brzyskie. Pod G\u00f3r\u0105 Os\u00f3wka trasa wiod\u0142a obok wej\u015bcia do poniemieckiej sztolni, w kt\u00f3rej do kwietnia zimuj\u0105 nietoperze. Wycieczk\u0119 zako\u0144czy\u0142o zwiedzanie z przewodnikiem Muzeum Sztolni Walimskich, mo\u017ce najciekawszego i najbardziej tajemniczego obiektu militarnego kompleksu \u201eRiese\u201d na obszarze G\u00f3r Sowich.<\/p>\n<p>Tomasz Le\u015bniowski<\/p>\n<p>Fot. E.Lada, J.Oko\u0144ski<\/p>\n","protected":false},"excerpt":{"rendered":"<p>24 maja 2013r. Grupa turyst\u00f3w pod kierunkiem niestrudzonego kol. Czes\u0142awa Dominasa wyruszy\u0142a na szlaki p\u00f3\u0142nocno-zachodnich stok\u00f3w G\u00f3r Sowich. Odkrywamy tajemnice G\u00f3r Sowich Majowa pogoda nas nie rozpieszcza. Panuj\u0105ce do\u015b\u0107 niskie temperatury, brak promieni s\u0142onecznych i opady deszczu nie przeszkadzaj\u0105 jednak w dzia\u0142alno\u015bci Ko\u0142a PTTK im. \u201eGwark\u00f3w Noworudzkich\u201d, kt\u00f3re wsp\u00f3lnie z Noworudzkim Stowarzyszeniem Pro Publico Bono [&hellip;]<\/p>\n","protected":false},"author":141,"featured_media":0,"comment_status":"closed","ping_status":"closed","sticky":false,"template":"","format":"standard","meta":{"ngg_post_thumbnail":0,"footnotes":""},"categories":[],"tags":[],"class_list":["post-3266","post","type-post","status-publish","format-standard","hentry"],"_links":{"self":[{"href":"https:\/\/kolo-nowaruda.klodzko.pttk.pl\/index.php\/wp-json\/wp\/v2\/posts\/3266","targetHints":{"allow":["GET"]}}],"collection":[{"href":"https:\/\/kolo-nowaruda.klodzko.pttk.pl\/index.php\/wp-json\/wp\/v2\/posts"}],"about":[{"href":"https:\/\/kolo-nowaruda.klodzko.pttk.pl\/index.php\/wp-json\/wp\/v2\/types\/post"}],"author":[{"embeddable":true,"href":"https:\/\/kolo-nowaruda.klodzko.pttk.pl\/index.php\/wp-json\/wp\/v2\/users\/141"}],"replies":[{"embeddable":true,"href":"https:\/\/kolo-nowaruda.klodzko.pttk.pl\/index.php\/wp-json\/wp\/v2\/comments?post=3266"}],"version-history":[{"count":1,"href":"https:\/\/kolo-nowaruda.klodzko.pttk.pl\/index.php\/wp-json\/wp\/v2\/posts\/3266\/revisions"}],"predecessor-version":[{"id":3292,"href":"https:\/\/kolo-nowaruda.klodzko.pttk.pl\/index.php\/wp-json\/wp\/v2\/posts\/3266\/revisions\/3292"}],"wp:attachment":[{"href":"https:\/\/kolo-nowaruda.klodzko.pttk.pl\/index.php\/wp-json\/wp\/v2\/media?parent=3266"}],"wp:term":[{"taxonomy":"category","embeddable":true,"href":"https:\/\/kolo-nowaruda.klodzko.pttk.pl\/index.php\/wp-json\/wp\/v2\/categories?post=3266"},{"taxonomy":"post_tag","embeddable":true,"href":"https:\/\/kolo-nowaruda.klodzko.pttk.pl\/index.php\/wp-json\/wp\/v2\/tags?post=3266"}],"curies":[{"name":"wp","href":"https:\/\/api.w.org\/{rel}","templated":true}]}}