{"id":3269,"date":"2013-06-08T00:00:00","date_gmt":"2013-06-07T22:00:00","guid":{"rendered":""},"modified":"2021-12-22T09:43:19","modified_gmt":"2021-12-22T08:43:19","slug":"ccxc-pilegrzymka-noworudzian","status":"publish","type":"post","link":"https:\/\/kolo-nowaruda.klodzko.pttk.pl\/index.php\/2013\/06\/08\/ccxc-pilegrzymka-noworudzian\/","title":{"rendered":"CCXC Pielgrzymka Noworudzian do Barda"},"content":{"rendered":"<p>W sobot\u0119 8 czerwca 2013r., po wielu latach przerwy, ruszy\u0142a na p\u0105tniczy szlak <strong>290. Pielgrzymka Noworudzian<\/strong> do Barda \u015al\u0105skiego.<\/p>\n<p>8 czerwca 2013r., o godz 6:00, w sobot\u0119 grupa pielgrzym\u00f3w z Nowej Rudy wyruszy\u0142a w 25 kilometrow\u0105 piesz\u0105 pielgrzymk\u0119 do Barda \u015al\u0105skiego. By\u0142a to pilota\u017cowa reaktywacja cyklicznego wydarzenia jakie odbywa\u0142o si\u0119 w Nowej Rudzie od 1651 roku. Wyzwanie podj\u0119te wsp\u00f3lnie przez parafi\u0119 \u015bw. Miko\u0142aja i ko\u0142o PTTK \u201eGwark\u00f3w Noworudzkich\u201d.<\/p>\n<p>W XXVIII rozdziale kroniki miasta Nowa Ruda, spisanej przez Josepha Wittiga, znajduje si\u0119 przyrzeczenie noworudzkich mieszczan o odbywaniu w trzeci\u0105 niedziel\u0119 po dniu Zielonych \u015awi\u0105tek dorocznej procesji do s\u0142yn\u0105cej z \u0142ask figurki Madonny Bardziej. Mia\u0142 to by\u0107 ho\u0142d za ocalenie miasta od ca\u0142kowitego zniszczenia przez trawi\u0105cy, po raz trzeci, miasto po\u017car. Burzliwa historia miasta; pl\u0105drowanego przez kolejnych naje\u017ad\u017ac\u00f3w, trawionego chorobami i po\u017carami, a mimo to d\u017awigaj\u0105cego si\u0119 ze zgliszczy sta\u0142a si\u0119 mocnym dowodem niebia\u0144skiej opieki dla zamieszkuj\u0105cych Now\u0105 Rud\u0119 mieszczan.<\/p>\n<p>Nawi\u0105zuj\u0105c do historycznych przes\u0142anek, ale z aktualnymi podzi\u0119kowaniami i pro\u015bbami, pod przewodnictwem dziekana ks. Jerzego Kosa oraz ks.Marcina Czchowskiego, przy intonowanym przez noworudzkiego organist\u0119 Paw\u0142a Kopcia \u015bpiewie noworudzianie ruszyli z Placu Matejki w Nowej Rudzie.<\/p>\n<p>Aura pogodowa, ale r\u00f3wnie\u017c go\u015bcinno\u015b\u0107 przyjmuj\u0105cych pielgrzym\u00f3w by\u0142a dodatkowo mi\u0142ym akcentem w w\u0119dr\u00f3wce. \u015apiew i wsp\u00f3lna modlitwa r\u00f3\u017ca\u0144cowa scala\u0142y grup\u0119 w podj\u0119tym wyzwaniu. Pierwszy przystanek to barokowo &#8211; rokokowy ko\u015bci\u00f3\u0142 \u015bw. Marcina w Dzikowcu, kt\u00f3rego gospodarz \u2013 ks.Marek Bordjakiewicz towarzyszy\u0142 pielgrzymom ju\u017c z Nowej Rudy. Na miejscu zapewni\u0142 \u0142akocie i napoje. Kr\u00f3tka wizyta w ko\u015bciele, z podan\u0105 w pigu\u0142ce, przez imiennika, histori\u0105 \u017cycia \u015bw.Marcina, szybki posi\u0142ek, od\u015bwie\u017cenie i kolejny cel. \u015awi\u0105tynia pod wezwaniem \u015bw.Jerzego w Wojborzu, gdzie ks. Zdzis\u0142aw Wojtowicz ugo\u015bci\u0142 strudzonych pysznym, domowej roboty, jeszcze ciep\u0142ym ciastem. Anio\u0142 Pa\u0144ski w \u015bwi\u0105tyni, hagiografia \u015bw.Jerzego, przedstawiona przez ks.Jerzego Kosa. Polnymi drogami, czasem lasem, b\u0142otkiem, awaryjnie przygotowan\u0105 k\u0142adk\u0105, szos\u0105, przyjemnie zm\u0119czeni pielgrzymi dotarli do celu swojej podr\u00f3\u017cy. O godz. 14:00, w kaplicy Sanktuarium Matki Bo\u017cej Stra\u017cniczki Wiary w Bardzie, uczestnicz\u0105cy w pielgrzymce kap\u0142ani poprowadzili msz\u0119 \u015bwi\u0119t\u0105, w czasie kt\u00f3rej z\u0142o\u017cone zosta\u0142y podzi\u0119kowania i pro\u015bby, z kt\u00f3rymi przyszli przedstawiciele Nowej Rudy. Noworudzka b\u0119d\u0105ca wlotow\u0105 ulic\u0105 do Barda stanowi jeszcze jeden dow\u00f3d p\u0105tniczych wypraw mieszka\u0144c\u00f3w Nowej Rudy.<\/p>\n<p>Zdj\u0119cia i podpisy na pami\u0105tkowej widok\u00f3wce maj\u0105 przypomina\u0107 grup\u0119 inicjatywn\u0105, kt\u00f3ra po blisko 68 latach podj\u0119\u0142a wyzwanie kontynuowania rozpocz\u0119tego w 1651 roku dzie\u0142a.<\/p>\n<p>Warto podkre\u015bli\u0107, \u017ce najm\u0142odszy uczestnik mia\u0142 7 lat, a najstarsza uczestniczka ponad 80.<\/p>\n<p>Mimo trudu i niespodzianek w drodze powrotnej (wtajemniczeni wiedz\u0105), zadowoleni z wype\u0142nionej misji pielgrzymi powr\u00f3cili do Nowej Rudy.<\/p>\n<p>Podzi\u0119kowania dla wszystkich os\u00f3b, dzi\u0119ki kt\u00f3rym uda\u0142o si\u0119 szcz\u0119\u015bliwie przeprowadzi\u0107 t\u0119 inicjatyw\u0119. Zach\u0119camy do udzia\u0142u w przysz\u0142ym roku, pielgrzymka bowiem zosta\u0142a wpisana do cyklicznego kalendarza wydarze\u0144.<\/p>\n<p>(w roku 2014 termin pielgrzymki wypada\u0142by zatem 28 czerwca &#8211; sobota lub 29 czerwca &#8211; niedziela &#8211; przyp. W.T.)<\/p>\n<p>(E.B.)<\/p>\n","protected":false},"excerpt":{"rendered":"<p>W sobot\u0119 8 czerwca 2013r., po wielu latach przerwy, ruszy\u0142a na p\u0105tniczy szlak 290. Pielgrzymka Noworudzian do Barda \u015al\u0105skiego. 8 czerwca 2013r., o godz 6:00, w sobot\u0119 grupa pielgrzym\u00f3w z Nowej Rudy wyruszy\u0142a w 25 kilometrow\u0105 piesz\u0105 pielgrzymk\u0119 do Barda \u015al\u0105skiego. By\u0142a to pilota\u017cowa reaktywacja cyklicznego wydarzenia jakie odbywa\u0142o si\u0119 w Nowej Rudzie od 1651 [&hellip;]<\/p>\n","protected":false},"author":141,"featured_media":0,"comment_status":"closed","ping_status":"closed","sticky":false,"template":"","format":"standard","meta":{"ngg_post_thumbnail":0,"footnotes":""},"categories":[],"tags":[],"class_list":["post-3269","post","type-post","status-publish","format-standard","hentry"],"_links":{"self":[{"href":"https:\/\/kolo-nowaruda.klodzko.pttk.pl\/index.php\/wp-json\/wp\/v2\/posts\/3269","targetHints":{"allow":["GET"]}}],"collection":[{"href":"https:\/\/kolo-nowaruda.klodzko.pttk.pl\/index.php\/wp-json\/wp\/v2\/posts"}],"about":[{"href":"https:\/\/kolo-nowaruda.klodzko.pttk.pl\/index.php\/wp-json\/wp\/v2\/types\/post"}],"author":[{"embeddable":true,"href":"https:\/\/kolo-nowaruda.klodzko.pttk.pl\/index.php\/wp-json\/wp\/v2\/users\/141"}],"replies":[{"embeddable":true,"href":"https:\/\/kolo-nowaruda.klodzko.pttk.pl\/index.php\/wp-json\/wp\/v2\/comments?post=3269"}],"version-history":[{"count":1,"href":"https:\/\/kolo-nowaruda.klodzko.pttk.pl\/index.php\/wp-json\/wp\/v2\/posts\/3269\/revisions"}],"predecessor-version":[{"id":3303,"href":"https:\/\/kolo-nowaruda.klodzko.pttk.pl\/index.php\/wp-json\/wp\/v2\/posts\/3269\/revisions\/3303"}],"wp:attachment":[{"href":"https:\/\/kolo-nowaruda.klodzko.pttk.pl\/index.php\/wp-json\/wp\/v2\/media?parent=3269"}],"wp:term":[{"taxonomy":"category","embeddable":true,"href":"https:\/\/kolo-nowaruda.klodzko.pttk.pl\/index.php\/wp-json\/wp\/v2\/categories?post=3269"},{"taxonomy":"post_tag","embeddable":true,"href":"https:\/\/kolo-nowaruda.klodzko.pttk.pl\/index.php\/wp-json\/wp\/v2\/tags?post=3269"}],"curies":[{"name":"wp","href":"https:\/\/api.w.org\/{rel}","templated":true}]}}