{"id":3272,"date":"2013-06-30T00:00:00","date_gmt":"2013-06-29T22:00:00","guid":{"rendered":""},"modified":"2021-12-22T09:43:18","modified_gmt":"2021-12-22T08:43:18","slug":"przez-drzwi-do-lasu","status":"publish","type":"post","link":"https:\/\/kolo-nowaruda.klodzko.pttk.pl\/index.php\/2013\/06\/30\/przez-drzwi-do-lasu\/","title":{"rendered":"Przez drzwi do lasu, czyli krowim szlakiem do Nowej Rudy."},"content":{"rendered":"<p>Dnia 30 czerwca 2013r. rosn\u0105ca w si\u0142\u0119 grupa turyst\u00f3w z K\u0142odzka i Nowej Rudy pod kierunkiem kol. Czes\u0142awa Dominasa i kol. Klaudii G\u0142odek wybra\u0142a si\u0119 szynobusem do \u015awierk Dolnych.<\/p>\n<p>Kr\u00f3tka odprawa na stacji i ruszyli\u015bmy w drog\u0119. Najpierw supertajnym skr\u00f3tem do szlaku zielonego, a potem ju\u017c mozolnie pod g\u00f3r\u0119. I to nie byle jak\u0105, bo W\u0142odzick\u0105 G\u00f3r\u0119, zaliczan\u0105 do Korony Ziemi K\u0142odzkiej. Droga pocz\u0105tkowo by\u0142a niezbyt \u0142atwa, bo po pas w mokrej trawie. Potem niby lepiej, bo ju\u017c lasem, ale za to strasznie stromo i dla odmiany w rudym b\u0142ocie. Nie\u0142atwo by\u0142o dotrze\u0107 do ruin g\u00f3rnej stacji dawnego wyci\u0105gu towarowego. Potem ju\u017c nieco \u0142agodniej, a\u017c do ruin wie\u017cy widokowej na szczycie W\u0142odzickiej G\u00f3ry. Na szczycie mia\u0142 miejsce szczyt, czyli super-tajne posiedzenie Komisji Turystyki G\u00f3rskiej Oddzia\u0142u PTTK &#8222;Ziemi K\u0142odzkiej&#8221; w K\u0142odzku. Prawdziwe spotkanie na szczycie. Ze szczytu powoli schodzili\u015bmy lasem, mijaj\u0105c po drodze niezwyk\u0142e zjawisko mikologiczne &#8211; stanowisko boczniaka ostrygowatego. Tym dziwniejsze, \u017ce ten grzyb ro\u015bnie zazwyczaj p\u00f3\u017an\u0105 jesieni\u0105, zim\u0105 i bardzo wczesn\u0105 wiosn\u0105. Do wyworzenia owocnik\u00f3w wymaga \u0142agodnego przymrozku, a przecie\u017c mieli\u015bmy 30 czerwca! Naczelny mikolog grupy, kol. Witek Telus odwa\u017cy\u0142 si\u0119 dokona\u0107 zbioru. Boczniaki okaza\u0142y si\u0119 bardzo smaczne. Polecam! Lepsze ni\u017c te sklepowe. Ze szczytu G\u00f3ry W\u0142odzickiej zeszli\u015bmy na \u0142\u0105ki porastaj\u0105ce obficie Wzg\u00f3rza W\u0142odzickie. Szlak zielony pr\u00f3bowa\u0142 dzielnie nie zgubi\u0107 si\u0119 w trawie i prawie mu si\u0119 to uda\u0142o. Sytuacj\u0119 ratowa\u0142y samotne drzewa, na kt\u00f3rych czasem wytrwa\u0142y znakarz umieszcza\u0142 oznaczenia. Prawdziwym hitem szlaku okaza\u0142y si\u0119 elektryczne drzwi do lasu, kt\u00f3re otwiera\u0142 nam z widoczn\u0105 wpraw\u0105 nasz przewodnik &#8211; kol. Czes\u0142aw Dominas. Naszym zmaganiom przygl\u0105da\u0142y si\u0119 z oddali rudo-bia\u0142e krowy, g\u0142\u00f3wne mieszkanki pastwisk. Czujne oko przewodnika i refleks fotografa (kol. Edward Lada) pozwoli\u0142y uwieczni\u0107 niecz\u0119sty ju\u017c widok na naszym terenie &#8211; kierdel owiec. Po zej\u015bciu z Kr\u0119pca nasz przewodnik postanowi\u0142 poprowadzi\u0107 nas na nieoznakowane drogi w okolicach Krajanowa, kt\u00f3rymi dotarli\u015bmy na szczyt Rybaka. Na trawiastym szczycie, w obfitych promieniach czerwcowego s\u0142o\u0144ca rozegra\u0142 si\u0119 konkurs krajoznawczo-zr\u0119czno\u015bciowy z cyklu &#8222;kto szybciej z\u0142apie kupona&#8221;. A po konkursie, czarowani kolejnymi opowie\u015bciami pana Czes\u0142awa zacz\u0119li\u015bmy zej\u015bcie w kierunku Rz\u0119dziny (d. Flucht). Drog\u0119 asfaltow\u0105 osi\u0105gn\u0119li\u015bmy nieopodal kapliczki, a potem dotarli\u015bmy do W\u0142odowic. Ostatnie metry szlaku poprowadzi\u0142y wzd\u0142u\u017c W\u0142odzicy do Nowej Rudy, gdzie wycieczka si\u0119 zako\u0144czy\u0142a. Nie ulega najmniejszej w\u0105tpliwo\u015bci, \u017ce zielony szlak, kt\u00f3rym pod\u0105\u017cali\u015bmy mo\u017cna \u015bmia\u0142o zaliczy\u0107 do najpi\u0119kniejszych widokowo szlak\u00f3w w Sudetach. S\u0105 na nim punkty, z kt\u00f3rych wzrok ogarnia ca\u0142e po\u0142acie Sudet\u00f3w, cho\u0107 wcale si\u0119 nie jest wysoko. Czyste powietrze i swojska, krowio-wiejska atmosfera to rzadki ju\u017c widok. Warto si\u0119 tam wybra\u0107 osobi\u015bcie. Ko\u0142o PTTK w Nowej Rudzie z dum\u0105 odnotowa\u0142o skromny jubileusz &#8211; 10 wycieczk\u0119.<\/p>\n<p>Nast\u0119pna nasza propozycja to 13 lipca i rajd w G\u00f3ry Sto\u0142owe, troch\u0119 po polskiej, a troch\u0119 po czeskiej stronie. Zapraszamy!<\/p>\n","protected":false},"excerpt":{"rendered":"<p>Dnia 30 czerwca 2013r. rosn\u0105ca w si\u0142\u0119 grupa turyst\u00f3w z K\u0142odzka i Nowej Rudy pod kierunkiem kol. Czes\u0142awa Dominasa i kol. Klaudii G\u0142odek wybra\u0142a si\u0119 szynobusem do \u015awierk Dolnych. Kr\u00f3tka odprawa na stacji i ruszyli\u015bmy w drog\u0119. Najpierw supertajnym skr\u00f3tem do szlaku zielonego, a potem ju\u017c mozolnie pod g\u00f3r\u0119. I to nie byle jak\u0105, bo [&hellip;]<\/p>\n","protected":false},"author":141,"featured_media":0,"comment_status":"closed","ping_status":"closed","sticky":false,"template":"","format":"standard","meta":{"ngg_post_thumbnail":0,"footnotes":""},"categories":[],"tags":[],"class_list":["post-3272","post","type-post","status-publish","format-standard","hentry"],"_links":{"self":[{"href":"https:\/\/kolo-nowaruda.klodzko.pttk.pl\/index.php\/wp-json\/wp\/v2\/posts\/3272","targetHints":{"allow":["GET"]}}],"collection":[{"href":"https:\/\/kolo-nowaruda.klodzko.pttk.pl\/index.php\/wp-json\/wp\/v2\/posts"}],"about":[{"href":"https:\/\/kolo-nowaruda.klodzko.pttk.pl\/index.php\/wp-json\/wp\/v2\/types\/post"}],"author":[{"embeddable":true,"href":"https:\/\/kolo-nowaruda.klodzko.pttk.pl\/index.php\/wp-json\/wp\/v2\/users\/141"}],"replies":[{"embeddable":true,"href":"https:\/\/kolo-nowaruda.klodzko.pttk.pl\/index.php\/wp-json\/wp\/v2\/comments?post=3272"}],"version-history":[{"count":1,"href":"https:\/\/kolo-nowaruda.klodzko.pttk.pl\/index.php\/wp-json\/wp\/v2\/posts\/3272\/revisions"}],"predecessor-version":[{"id":3300,"href":"https:\/\/kolo-nowaruda.klodzko.pttk.pl\/index.php\/wp-json\/wp\/v2\/posts\/3272\/revisions\/3300"}],"wp:attachment":[{"href":"https:\/\/kolo-nowaruda.klodzko.pttk.pl\/index.php\/wp-json\/wp\/v2\/media?parent=3272"}],"wp:term":[{"taxonomy":"category","embeddable":true,"href":"https:\/\/kolo-nowaruda.klodzko.pttk.pl\/index.php\/wp-json\/wp\/v2\/categories?post=3272"},{"taxonomy":"post_tag","embeddable":true,"href":"https:\/\/kolo-nowaruda.klodzko.pttk.pl\/index.php\/wp-json\/wp\/v2\/tags?post=3272"}],"curies":[{"name":"wp","href":"https:\/\/api.w.org\/{rel}","templated":true}]}}