{"id":3274,"date":"2013-07-27T00:00:00","date_gmt":"2013-07-26T22:00:00","guid":{"rendered":""},"modified":"2021-12-22T09:44:57","modified_gmt":"2021-12-22T08:44:57","slug":"goraca-bogusza","status":"publish","type":"post","link":"https:\/\/kolo-nowaruda.klodzko.pttk.pl\/index.php\/2013\/07\/27\/goraca-bogusza\/","title":{"rendered":"Gor\u0105ca Bogusza"},"content":{"rendered":"<p>27 lipca 2013r. noworudzcy &#8222;gwarkowie&#8221; wyruszyli na spacer na G\u00f3r\u0119 Bogusza. <\/p>\n<p>Na lipcowy spacer 27.07.2013r. Noworudzccy Gwarkowie wyruszyli z rynku w kierunku g\u00f3ry Bogusza. Po mini\u0119ciu ko\u015bcio\u0142a pw. Wniebowzi\u0119cia Naj\u015bwi\u0119tszej Marii Panny- wzniesionego w latach 1500-1502 oraz Kaplicy Loreta\u0144skiej(1765-1768), zaraz przy cmentarnej kolumnie maryjnej z 1736r., rozpocz\u0119li\u015bmy wspinaczk\u0119 na Bogusz\u0119 licz\u0105c\u0105 539-542 m n.p.m. Le\u015bn\u0105, do\u015b\u0107 mocno zaro\u015bni\u0119t\u0105 \u015bcie\u017ck\u0105 pod\u0105\u017cyli\u015bmy zdobywa\u0107 jej szczyt. W dole min\u0119li\u015bmy ko\u015bci\u00f3\u0142 pw. Podwy\u017cszenia Krzy\u017ca \u015awi\u0119tego- pocz\u0105tkowo by\u0142 to pierwszy ko\u015bci\u00f3\u0142 parafialny w Nowej Rudzie (wzmiankowany po raz pierwszy w 1337r.), a tak\u017ce Will\u0119 \u201e Konrad\u201d z XIX w. W Drogos\u0142awiu z ul. Jedno\u015bci mogli\u015bmy podziwia\u0107 wybitny szczyt G\u00f3r Sowich- Kalenic\u0119( 964 m n.p.m.). Id\u0105c dalej za ko\u015bcio\u0142em \u015aw. Barbary ul. Jana Paw\u0142a II skierowali\u015bmy si\u0119 na ul. Jawornik, by na jej ko\u0144cu poszuka\u0107 echa. Sprawdzili\u015bmy, echo nam odpowiedzia\u0142o. Kr\u00f3tki odpoczynek w cieniu, zako\u0144czono konkursem wiedzy. Dalej Sokolim Stokiem 611 m n.p.m. i ogr\u00f3dkami nad Osiedlem Piastowskim powr\u00f3cili\u015bmy do rynku. Szefem Gwark\u00f3w by\u0142a Klaudia G\u0142odek, a najm\u0142odsza uczestniczka (bardzo dzielna) liczy\u0142a 4 lata.<\/p>\n<p>Zapraszamy na kolejne wyprawy.<\/p>\n<p>E.Lada<\/p>\n","protected":false},"excerpt":{"rendered":"<p>27 lipca 2013r. noworudzcy &#8222;gwarkowie&#8221; wyruszyli na spacer na G\u00f3r\u0119 Bogusza. Na lipcowy spacer 27.07.2013r. Noworudzccy Gwarkowie wyruszyli z rynku w kierunku g\u00f3ry Bogusza. Po mini\u0119ciu ko\u015bcio\u0142a pw. Wniebowzi\u0119cia Naj\u015bwi\u0119tszej Marii Panny- wzniesionego w latach 1500-1502 oraz Kaplicy Loreta\u0144skiej(1765-1768), zaraz przy cmentarnej kolumnie maryjnej z 1736r., rozpocz\u0119li\u015bmy wspinaczk\u0119 na Bogusz\u0119 licz\u0105c\u0105 539-542 m n.p.m. Le\u015bn\u0105, [&hellip;]<\/p>\n","protected":false},"author":141,"featured_media":0,"comment_status":"closed","ping_status":"closed","sticky":false,"template":"","format":"standard","meta":{"ngg_post_thumbnail":0,"footnotes":""},"categories":[],"tags":[],"class_list":["post-3274","post","type-post","status-publish","format-standard","hentry"],"_links":{"self":[{"href":"https:\/\/kolo-nowaruda.klodzko.pttk.pl\/index.php\/wp-json\/wp\/v2\/posts\/3274","targetHints":{"allow":["GET"]}}],"collection":[{"href":"https:\/\/kolo-nowaruda.klodzko.pttk.pl\/index.php\/wp-json\/wp\/v2\/posts"}],"about":[{"href":"https:\/\/kolo-nowaruda.klodzko.pttk.pl\/index.php\/wp-json\/wp\/v2\/types\/post"}],"author":[{"embeddable":true,"href":"https:\/\/kolo-nowaruda.klodzko.pttk.pl\/index.php\/wp-json\/wp\/v2\/users\/141"}],"replies":[{"embeddable":true,"href":"https:\/\/kolo-nowaruda.klodzko.pttk.pl\/index.php\/wp-json\/wp\/v2\/comments?post=3274"}],"version-history":[{"count":1,"href":"https:\/\/kolo-nowaruda.klodzko.pttk.pl\/index.php\/wp-json\/wp\/v2\/posts\/3274\/revisions"}],"predecessor-version":[{"id":3305,"href":"https:\/\/kolo-nowaruda.klodzko.pttk.pl\/index.php\/wp-json\/wp\/v2\/posts\/3274\/revisions\/3305"}],"wp:attachment":[{"href":"https:\/\/kolo-nowaruda.klodzko.pttk.pl\/index.php\/wp-json\/wp\/v2\/media?parent=3274"}],"wp:term":[{"taxonomy":"category","embeddable":true,"href":"https:\/\/kolo-nowaruda.klodzko.pttk.pl\/index.php\/wp-json\/wp\/v2\/categories?post=3274"},{"taxonomy":"post_tag","embeddable":true,"href":"https:\/\/kolo-nowaruda.klodzko.pttk.pl\/index.php\/wp-json\/wp\/v2\/tags?post=3274"}],"curies":[{"name":"wp","href":"https:\/\/api.w.org\/{rel}","templated":true}]}}