{"id":3278,"date":"2013-08-25T00:00:00","date_gmt":"2013-08-24T22:00:00","guid":{"rendered":""},"modified":"2021-12-22T09:45:15","modified_gmt":"2021-12-22T08:45:15","slug":"na-jezynowym-szlaku","status":"publish","type":"post","link":"https:\/\/kolo-nowaruda.klodzko.pttk.pl\/index.php\/2013\/08\/25\/na-jezynowym-szlaku\/","title":{"rendered":"Na je\u017cynowym szlaku, czyli uroki Sokolego Stoku."},"content":{"rendered":"<p>W niedziel\u0119 25 sierpnia 2013r. kilkunastoosobowa grupa w\u0119drowc\u00f3w z noworudzkiego Ko\u0142a PTTK wybra\u0142a si\u0119 na spacer w okolice W\u0142odowic. Wycieczk\u0119 poprowadzi\u0142 niestrudzony kol. Czes\u0142aw Dominas.<\/p>\n<p>Pocz\u0105tek spaceru &#8211; tradycyjnie na noworudzkim rynku. Start o 10:30 i zej\u015bcie przez ul. Podjazdow\u0105 do mostu na W\u0142odzicy. Potem ul. Cmentarn\u0105 do skrzy\u017cowania obok targowiska (zbieg ulic Cmentarnej, Jeziornej i Szpitalnej). Dalej w g\u00f3r\u0119 tras\u0105 \u017c\u00f3\u0142tego szlaku, kt\u00f3ry w niewyja\u015bnionych okoliczno\u015bciach przyrody znikn\u0105\u0142 z miasta. Czy znajd\u0105 si\u0119 odwa\u017cni poszukiwacze, kt\u00f3rzy ponownie oznakuj\u0105 szlak na Bogusz\u0119 i do Zdrojowiska?<\/p>\n<p>Tu\u017c za skrzy\u017cowaniem z ul. Kra\u0144cow\u0105 pierwsza z ciekawych niespodzianek &#8211; na elewacji budynku nr 7 dwa bardzo dobrze zachowane herby Berlina, a za rogiem p\u0142askorze\u017aby Jezusa i Czterech Ewangelist\u00f3w. Ciekawe, \u017ce tyle razy si\u0119 tam przechodzi i nie zauwa\u017ca takich niezwyk\u0142o\u015bci&#8230; no, ale si\u0119 chodzi z Panem Czesiem, to &#8222;si\u0119 wie&#8221;!. Dalej w g\u00f3r\u0119 ul. Szpitaln\u0105, obok dawnej bramy wjazdowej do Ma\u0142ego Szpitala (dzi\u015b Oddzia\u0142 Dzieci\u0119cy), potem lekko w lewo w kierunku bramy ogrod\u00f3w dzia\u0142kowych. I tu ju\u017c powita\u0142y nas pierwsze obficie owocuj\u0105ce je\u017cyny. Dalej ju\u017c trafili\u015bmy na dobrze oznakowany szlak zielony, kt\u00f3ry poprowadzi\u0142 nas przez ogrody dzia\u0142kowe dalej w g\u00f3r\u0119, w kierunku ju\u017c coraz lepiej widocznego Sokolego Stoku (615). W najwy\u017cszym punkcie zielonego szlaku, obok kaplicy kolejny post\u00f3j i&#8230; kolejne je\u017cyny. Tu ju\u017c ogromne i bardzo s\u0142odkie. Podziwianie pi\u0119knej panoramy okolic &#8211; widoki na G\u00f3ry Sto\u0142owe, Bystrzyckie, Orlickie, a tak\u017ce na Wzg\u00f3rza W\u0142odzickie.<\/p>\n<p>Pogoda pi\u0119kna, zatem da\u0142o si\u0119 zobaczy\u0107 wiele. Po postoju ju\u017c bez znak\u00f3w, w kierunku zalesionych zboczy Sokolego Stoku. Troch\u0119 s\u0142abo widoczn\u0105 drog\u0105, troch\u0119 &#8222;na dziko&#8221;. No i oczywi\u015bcie przez je\u017cyny. Ju\u017c w lesie uda\u0142o si\u0119 znale\u017a\u0107 pierwsze okazy grzyb\u00f3w. \u017badna jednak rewelacja &#8211; go\u0142\u0105bek brudno\u017c\u00f3\u0142ty (niby jadalny, ale nie polecam). Z Sokolego Stoku le\u015bn\u0105 drog\u0105 w d\u00f3\u0142 w kierunku W\u0142odowic, zboczem Farnego Stoku. I zn\u00f3w je\u017cyny&#8230; Stroma \u015bcie\u017cka doprowadzi\u0142a nas do skrzy\u017cowania we W\u0142odowicach, w okolicach ko\u015bcio\u0142a pw. \u015bw. Piotra Kanizjusza. Przy ko\u015bciele post\u00f3j na mo\u015bcie &#8211; mo\u017cna by\u0142o zobaczy\u0107 pstr\u0105gi!. Opowie\u015bci przewodnika zadziwi\u0142y kolejny raz. Teraz ju\u017c wiadomo, dlaczego prze\u015bwietna knajpka we W\u0142odowicach nosi\u0142a nazw\u0119 &#8222;Borowianka&#8221;. Wiadomo &#8211; si\u0119 chodzi, si\u0119 wie!<\/p>\n<p>Z mostu strom\u0105 \u015bcie\u017ck\u0105 w prawo, na zbocze Kr\u0119pca (645), w kierunku linii kolejowej. Po przej\u015bciu pod mostem kolejowym nast\u0105pi\u0142 kluczowy moment spaceru, czyli tradycyjne ju\u017c zboczenie. Trzeba jednak odda\u0107 sprawiedliwo\u015b\u0107 faktom &#8211; polne \u015bcie\u017cki zosta\u0142y nieoczekiwanie zagrodzone po\u015bcinanymi drzewami. Czy\u017cby kto\u015b sobie nie \u017cyczy\u0142 go\u015bci? Trzeba by\u0142o wybra\u0107 &#8222;objazd&#8221; przez pobliskie pole i niestety tu nasza \u015bcie\u017cka si\u0119 zgubi\u0142a. Na szcz\u0119\u015bcie jednak przewodnik twardo par\u0142 naprz\u00f3d (wa\u017cne, \u017ce kierunek s\u0142uszny!). Dzi\u0119ki jego determinacji uda\u0142o si\u0119 osi\u0105gn\u0105\u0107 poln\u0105 drog\u0119 ju\u017c na skraju lasu porastaj\u0105cego zbocze Kr\u0119pca. Potem ju\u017c by\u0142o nieco \u0142atwiej &#8211; wygodn\u0105 drog\u0105 dotarli\u015bmy do lasu, a potem do szczytu Kr\u0119pca, gdzie mo\u017cna by\u0142o zobaczy\u0107 now\u0105 wie\u017c\u0119 przeka\u017anikow\u0105. Czy pisa\u0142em ju\u017c o je\u017cynach? By\u0142o ich sporo. Plus maliny.<\/p>\n<p>Le\u015bna droga doprowadzi\u0142a nas na G\u00f3r\u0119 \u015bw. Anny, gdzie tu\u017c za (wci\u0105\u017c jeszcze) nieczynn\u0105 wie\u017c\u0105 widokow\u0105 uda\u0142o si\u0119 odnale\u017a\u0107 drewnian\u0105 wiat\u0119 i miejsce na ognisko. No a dalej to ju\u017c pie\u015bni, hulanki i swawole, tudzie\u017c konkurs krajoznawczy. P\u00f3\u017anym popo\u0142udniem grupa zesz\u0142a w kierunku Nowej Rudy, mijaj\u0105c po drodze Kamie\u0144 Carla Ferche. Potem przez Park Strzelecki i ul. Armii Krajowej do Rynku. Tak zako\u0144czyli\u015bmy tam, gdzie rozpocz\u0119li\u015bmy. Uff..<\/p>\n<p>Zapraszamy na kolejne, wrze\u015bniowe wycieczki organizowane przez nasze Ko\u0142o. Ju\u017c nied\u0142ugo &#8222;Po\u017cegnanie Lata&#8221; w schronisku &#8222;Orze\u0142&#8221; i wycieczka do Adr\u0161pachu.<\/p>\n","protected":false},"excerpt":{"rendered":"<p>W niedziel\u0119 25 sierpnia 2013r. kilkunastoosobowa grupa w\u0119drowc\u00f3w z noworudzkiego Ko\u0142a PTTK wybra\u0142a si\u0119 na spacer w okolice W\u0142odowic. Wycieczk\u0119 poprowadzi\u0142 niestrudzony kol. Czes\u0142aw Dominas. Pocz\u0105tek spaceru &#8211; tradycyjnie na noworudzkim rynku. Start o 10:30 i zej\u015bcie przez ul. Podjazdow\u0105 do mostu na W\u0142odzicy. Potem ul. Cmentarn\u0105 do skrzy\u017cowania obok targowiska (zbieg ulic Cmentarnej, Jeziornej [&hellip;]<\/p>\n","protected":false},"author":141,"featured_media":0,"comment_status":"closed","ping_status":"closed","sticky":false,"template":"","format":"standard","meta":{"ngg_post_thumbnail":0,"footnotes":""},"categories":[],"tags":[],"class_list":["post-3278","post","type-post","status-publish","format-standard","hentry"],"_links":{"self":[{"href":"https:\/\/kolo-nowaruda.klodzko.pttk.pl\/index.php\/wp-json\/wp\/v2\/posts\/3278","targetHints":{"allow":["GET"]}}],"collection":[{"href":"https:\/\/kolo-nowaruda.klodzko.pttk.pl\/index.php\/wp-json\/wp\/v2\/posts"}],"about":[{"href":"https:\/\/kolo-nowaruda.klodzko.pttk.pl\/index.php\/wp-json\/wp\/v2\/types\/post"}],"author":[{"embeddable":true,"href":"https:\/\/kolo-nowaruda.klodzko.pttk.pl\/index.php\/wp-json\/wp\/v2\/users\/141"}],"replies":[{"embeddable":true,"href":"https:\/\/kolo-nowaruda.klodzko.pttk.pl\/index.php\/wp-json\/wp\/v2\/comments?post=3278"}],"version-history":[{"count":1,"href":"https:\/\/kolo-nowaruda.klodzko.pttk.pl\/index.php\/wp-json\/wp\/v2\/posts\/3278\/revisions"}],"predecessor-version":[{"id":3308,"href":"https:\/\/kolo-nowaruda.klodzko.pttk.pl\/index.php\/wp-json\/wp\/v2\/posts\/3278\/revisions\/3308"}],"wp:attachment":[{"href":"https:\/\/kolo-nowaruda.klodzko.pttk.pl\/index.php\/wp-json\/wp\/v2\/media?parent=3278"}],"wp:term":[{"taxonomy":"category","embeddable":true,"href":"https:\/\/kolo-nowaruda.klodzko.pttk.pl\/index.php\/wp-json\/wp\/v2\/categories?post=3278"},{"taxonomy":"post_tag","embeddable":true,"href":"https:\/\/kolo-nowaruda.klodzko.pttk.pl\/index.php\/wp-json\/wp\/v2\/tags?post=3278"}],"curies":[{"name":"wp","href":"https:\/\/api.w.org\/{rel}","templated":true}]}}