{"id":3280,"date":"2013-09-21T00:00:00","date_gmt":"2013-09-20T22:00:00","guid":{"rendered":""},"modified":"2021-12-22T09:45:37","modified_gmt":"2021-12-22T08:45:37","slug":"lody-kilimadzaro-i-orzel-w-pomidorach","status":"publish","type":"post","link":"https:\/\/kolo-nowaruda.klodzko.pttk.pl\/index.php\/2013\/09\/21\/lody-kilimadzaro-i-orzel-w-pomidorach\/","title":{"rendered":"Lody Kilimand\u017caro i Orze\u0142 w pomidorach. Po\u017cegnanie Lata 2013&#8230;"},"content":{"rendered":"<p>21 wrze\u015bnia 2013r. znacz\u0105ca grupa noworudzkich &#8222;Gwark\u00f3w&#8221; wraz z Zarz\u0105dem Ko\u0142a PTTK uda\u0142a si\u0119 do schroniska &#8222;Orze\u0142&#8221; na Prze\u0142\u0119czy Sokolej, gdzie pod go\u015bcinn\u0105 opiek\u0105 w\u0142a\u015bciciela hucznie po\u017cegnali\u015bmy sezon wiosenno-letni.<\/p>\n<p>Nasze spotkanie obfitowa\u0142o w niezwyk\u0142e zdarzenia. Ju\u017c na samym wst\u0119pie Prezes Ko\u0142a &#8211; El\u017cbieta Bisikiewicz &#8211; zaznaczy\u0142a, \u017ce spotkanie b\u0119dzie poprzedzone prelekcj\u0105 kol. Krzysztofa Wieczorka &#8211; znanego noworudzkiego himalaisty. Kolega Krzysztof oficjalnie wst\u0105pi\u0142 w szeregi cz\u0142onk\u00f3w Ko\u0142a PTTK w Nowej Rudzie, a w ramach wieczorku integracyjnego pocz\u0119stowa\u0142 nas pi\u0119kn\u0105 opowie\u015bci\u0105 o zdobywaniu Kilmand\u017caro. W czasie wyst\u0105pienia nie zabrak\u0142o fantastycznych zdj\u0119\u0107<\/p>\n<p>Czy\u017cby noworudzcy &#8222;Gwarkowie&#8221; mieli ju\u017c wkr\u00f3tce ruszy\u0107 na podb\u00f3j Korony Ziemi? Swoj\u0105 drog\u0105 ciekawe, ile punkt\u00f3w do GOT mo\u017cna zdoby\u0107 za wej\u015bcie (i zej\u015bcie) na Kilimand\u017caro? Na zebraniu nie zabrak\u0142o mi\u0142ych akcent\u00f3w. Niekt\u00f3rzy z nas otrzymali nagrody za aktywn\u0105 dzia\u0142alno\u015b\u0107 na rzecz Ko\u0142a, najcz\u0119stsze uczestnictwo w imprezach Ko\u0142a, najwi\u0119ksz\u0105 ilo\u015b\u0107 zdj\u0119\u0107, najlepsz\u0105 stron\u0119 Ko\u0142a. Nagrodom i oklaskom nie by\u0142o ko\u0144ca. Nagrod\u0119 Specjaln\u0105 za wk\u0142ad w utworzenie Ko\u0142a i niezmorodowane prowadzenie wycieczek otrzyma\u0142 Honorowy Cz\u0142onek Ko\u0142a nr 1, kol. Czes\u0142aw Dominas. Z r\u0105k Prezes Ko\u0142a otrzyma\u0142 specjalne wyr\u00f3\u017cnienie &#8211; r\u0119cznie rze\u017abion\u0105 Lask\u0119 Przewodnika. Prezent doczeka\u0142 si\u0119 swojej nazwy &#8211; zosta\u0142 ochrzczony jako &#8222;S\u0142awa Czes\u0142awa&#8221;.<\/p>\n<p>Jest to bez w\u0105tpienia Przedmiot Unikalny. Dodaje +10 do zdolno\u015bci wyszukiwania \u015bcie\u017cek, +5 do wytrzyma\u0142o\u015bci i +25 do charyzmy. W po\u0142\u0105czeniu ze Z\u0142ot\u0105 Odznak\u0105 Przodownika staje si\u0119 cz\u0119\u015bci\u0105 Zestawu Obie\u017cy\u015bwiata. Daje to w\u0142a\u015bcicielowi w\u0142adz\u0119 nad pogod\u0105. Tak\u017ce pogod\u0105 ducha. Po wr\u0119czeniu nagr\u00f3d odby\u0142o si\u0119 bardzo konstruktywne zebranie Zarz\u0105du Ko\u0142a, na kt\u00f3rym podj\u0119to uchwa\u0142y w sprawie dalszej dzia\u0142alno\u015bci Ko\u0142a, a tak\u017ce przyj\u0119cia planu pracy na rok 2014. W\u015br\u00f3d cennych inicjatyw lokalnych warto wspomnie\u0107 nawi\u0105zanie konstruktywnej wsp\u00f3\u0142pracy z Parafi\u0105 \u015bw. Miko\u0142aja, kt\u00f3ra w osobie ks. dziekana Jerzego Kosa zaprosi na kilka pielgrzymek. Cztery z nich zosta\u0142y przyj\u0119te do ramowego planu imprez sta\u0142ych. Uczestnicy zebrania zarzucili Zarz\u0105d ogromn\u0105 ilo\u015bci\u0105 pomys\u0142\u00f3w na wycieczki. Takie jednodoniowe, ale tak\u017ce wielodniowe. Najwi\u0119ksze wyzwanie to jednak wycieczka po G\u0142\u00f3wnym Szlaku Sudeckim, kt\u00f3rej pokonanie rozpisane b\u0119dzie na kilka lat i kilkadziesi\u0105t mniejszych wycieczek jedno- dwu- i trzydniowych. Na zako\u0144czenie spotkania czeka\u0142a na nas bardzo mi\u0142a niespodzianka. W\u0142a\u015bciciel obiektu zaprosi\u0142 nas na pocz\u0119stunek w kilmatycznej &#8222;Piwnicy pod Or\u0142em&#8221;. Sa\u0142atki jarzynowe, p\u00f3\u0142misek w\u0119dlin, ciep\u0142y barszcz i wiele, wiele innych smako\u0142yk\u00f3w&#8230; Cz\u0142onkowie Ko\u0142a PTTK wyra\u017cali wielokrotnie i dobitnie swoj\u0105 nies\u0142abn\u0105c\u0105 wdzi\u0119czno\u015b\u0107 w\u0142a\u015bcicielowi &#8222;Or\u0142a&#8221;. Czas zlecia\u0142 nie wiadomo kiedy&#8230; naprawd\u0119 ta p\u00f3\u0142noc przysz\u0142a tak nie w por\u0119&#8230;<\/p>\n","protected":false},"excerpt":{"rendered":"<p>21 wrze\u015bnia 2013r. znacz\u0105ca grupa noworudzkich &#8222;Gwark\u00f3w&#8221; wraz z Zarz\u0105dem Ko\u0142a PTTK uda\u0142a si\u0119 do schroniska &#8222;Orze\u0142&#8221; na Prze\u0142\u0119czy Sokolej, gdzie pod go\u015bcinn\u0105 opiek\u0105 w\u0142a\u015bciciela hucznie po\u017cegnali\u015bmy sezon wiosenno-letni. Nasze spotkanie obfitowa\u0142o w niezwyk\u0142e zdarzenia. Ju\u017c na samym wst\u0119pie Prezes Ko\u0142a &#8211; El\u017cbieta Bisikiewicz &#8211; zaznaczy\u0142a, \u017ce spotkanie b\u0119dzie poprzedzone prelekcj\u0105 kol. Krzysztofa Wieczorka &#8211; [&hellip;]<\/p>\n","protected":false},"author":141,"featured_media":0,"comment_status":"closed","ping_status":"closed","sticky":false,"template":"","format":"standard","meta":{"ngg_post_thumbnail":0,"footnotes":""},"categories":[],"tags":[],"class_list":["post-3280","post","type-post","status-publish","format-standard","hentry"],"_links":{"self":[{"href":"https:\/\/kolo-nowaruda.klodzko.pttk.pl\/index.php\/wp-json\/wp\/v2\/posts\/3280","targetHints":{"allow":["GET"]}}],"collection":[{"href":"https:\/\/kolo-nowaruda.klodzko.pttk.pl\/index.php\/wp-json\/wp\/v2\/posts"}],"about":[{"href":"https:\/\/kolo-nowaruda.klodzko.pttk.pl\/index.php\/wp-json\/wp\/v2\/types\/post"}],"author":[{"embeddable":true,"href":"https:\/\/kolo-nowaruda.klodzko.pttk.pl\/index.php\/wp-json\/wp\/v2\/users\/141"}],"replies":[{"embeddable":true,"href":"https:\/\/kolo-nowaruda.klodzko.pttk.pl\/index.php\/wp-json\/wp\/v2\/comments?post=3280"}],"version-history":[{"count":1,"href":"https:\/\/kolo-nowaruda.klodzko.pttk.pl\/index.php\/wp-json\/wp\/v2\/posts\/3280\/revisions"}],"predecessor-version":[{"id":3313,"href":"https:\/\/kolo-nowaruda.klodzko.pttk.pl\/index.php\/wp-json\/wp\/v2\/posts\/3280\/revisions\/3313"}],"wp:attachment":[{"href":"https:\/\/kolo-nowaruda.klodzko.pttk.pl\/index.php\/wp-json\/wp\/v2\/media?parent=3280"}],"wp:term":[{"taxonomy":"category","embeddable":true,"href":"https:\/\/kolo-nowaruda.klodzko.pttk.pl\/index.php\/wp-json\/wp\/v2\/categories?post=3280"},{"taxonomy":"post_tag","embeddable":true,"href":"https:\/\/kolo-nowaruda.klodzko.pttk.pl\/index.php\/wp-json\/wp\/v2\/tags?post=3280"}],"curies":[{"name":"wp","href":"https:\/\/api.w.org\/{rel}","templated":true}]}}