{"id":3286,"date":"2013-11-16T00:00:00","date_gmt":"2013-11-15T22:00:00","guid":{"rendered":""},"modified":"2021-12-22T09:46:36","modified_gmt":"2021-12-22T08:46:36","slug":"w-pogoni-za-uciekajaca-jesienia","status":"publish","type":"post","link":"https:\/\/kolo-nowaruda.klodzko.pttk.pl\/index.php\/2013\/11\/16\/w-pogoni-za-uciekajaca-jesienia\/","title":{"rendered":"W pogoni za uciekaj\u0105c\u0105 jesieni\u0105. 14 rajd naszego Ko\u0142a"},"content":{"rendered":"<p>16 listopada 2013r. grupa wytrwa\u0142ych w\u0119drowc\u00f3w z Ko\u0142a PTTK pod kierunkiem kol. Czes\u0142awa Dominasa i z czujnym okiem kol. Edwarda Lady wybra\u0142a si\u0119 na wycieczk\u0119 ze \u015acinawki \u015aredniej, przez G\u00f3r\u0119 Wszystkich \u015awi\u0119tych i G\u00f3r\u0119 \u015bw. Anny do Nowej Rudy.<\/p>\n<p>16 listopada 2013 ko\u0142o \u201eGwark\u00f3w Noworudzkich roku zaplanowa\u0142o wycieczk\u0119 po najbli\u017cszej okolicy. Trasa wiod\u0142a ze \u015acinawki \u015aredniej, przez G\u00f3r\u0119 Wszystkich \u015awi\u0119tych oraz G\u00f3r\u0119 \u015awi\u0119tej Anny do Nowej Rudy. Miejscem spotkania by\u0142 peron dworca PKP w Nowej Rudzie.O 10:35 spotka\u0142o si\u0119 8 os\u00f3b z niezawodnym fotografem koleg\u0105 Edwardem oraz z pani\u0105 z Wroc\u0142awia. Wycieczk\u0119 prowadzi\u0142 kolega Czes\u0142aw. Szynobus przyjecha\u0142 prawie punktualnie. Wykorzystuj\u0105c wersj\u0119 zakupu grupowego biletu koszt przejazdu pomniejszy\u0142 si\u0119 z 4,40 do 3,64 z\u0142. Po kilku minutach jazdy byli\u015bmy ju\u017c na stacji w \u015acinawce \u015aredniej. Wsp\u00f3lna fotografia i w drog\u0119. Przez wiadukt nad torami, w stron\u0119 wyrobisk nieczynnej cegielni. Dalej ko\u0142o pot\u0119\u017cnych d\u0119b\u00f3w do Ksi\u0105\u017cka z nieczynn\u0105 mieszalni\u0105 pasz. Dawniej nosi\u0142o to nazw\u0119 Jezuicki Dw\u00f3r oczywi\u015bcie po przet\u0142umaczeniu z j\u0119zyka niemieckiego. Pod\u0105\u017cali\u015bmy czerwonym szlakiem, kt\u00f3ry zbli\u017cy\u0142 si\u0119 do lasu. Jego skrajem podchodzili\u015bmy pod g\u00f3r\u0119. Widoki by\u0142y ograniczone przez mg\u0142\u0119 do \u015acinawskich Wzg\u00f3rz. Na skraju lasu min\u0119li\u015bmy kilka mrowisk. Mr\u00f3wki porusza\u0142y si\u0119 wolno przygotowuj\u0105c si\u0119 do zimowego odpoczynku. Za to krety na polach s\u0105 bardzo aktywne, ca\u0142e ich mn\u00f3stwo. Daje to powody s\u0105dzi\u0107, \u017ce zima przyjdzie nie pr\u0119dko. Po wej\u015bciu kilkuset metr\u00f3w w las min\u0119li\u015bmy pa\u015bnik dla zwierz\u0105t i przy nim lizawk\u0119 na s\u00f3l. Jeszcze troch\u0119 pod g\u00f3rk\u0119 i ju\u017c byli\u015bmy przy asfaltowej drodze prowadz\u0105cej w jedn\u0105 stron\u0119 do ko\u015bci\u00f3\u0142ka na G\u00f3rze Wszystkich \u015awi\u0119tych a w drug\u0105 do S\u0142upca. Po chwili skr\u0119cili\u015bmy na drog\u0119 prowadz\u0105c\u0105 wprost do wie\u017cy widokowej. Pierwszy etap naszej w\u0119dr\u00f3wki to 1h 45m. Tam posilili\u015bmy si\u0119 aby nabra\u0107 si\u0142 do dalszej drogi. Wie\u017ca jak i najbli\u017csze otoczenie jest obserwowane przez kamer\u0119. Pewnie dlatego panuje tu porz\u0105dek; \u0142awki stoj\u0105 na swoich miejscach i tablica informacyjna jest nienaruszona. Po posi\u0142ku i kr\u00f3tkim odpoczynku weszli\u015bmy na wie\u017c\u0119 \u017ceby ogl\u0105dn\u0105\u0107 okolic\u0119. Zamglenie ogranicza\u0142o pole widzenia ale i tak warto by\u0142o si\u0119 trudzi\u0107. G\u00f3ry Sowie, Wzg\u00f3rza W\u0142odzickie oraz Wzg\u00f3rza \u015acinawskie by\u0142y jak zawsze pe\u0142ne uroku. Schodz\u0105c ze szczytu, na szlaku spotkali\u015bmy ubran\u0105 na zielono, kilkunastoosobow\u0105 grup\u0119 turystek. Byli\u015bmy mile zaskoczeni kiedy w czasie rozmowy okaza\u0142o si\u0119, \u017ce nasze g\u00f3rki przyci\u0105gn\u0119\u0142y turyst\u00f3w z Wroc\u0142awia. Po karko\u0142omnym zej\u015bciu, rozje\u017cd\u017conym przez terenowe samochody lub k\u0142ady doszli\u015bmy do kamienio\u0142omu. Dalej droga by\u0142a b\u0142otnista ale ju\u017c za mostkiem nad Szczypem by\u0142o sucho. Pod g\u00f3r\u0119, drog\u0105 nazywan\u0105 ulic\u0105 Pionier\u00f3w doszli\u015bmy do ostatnich albo pierwszych zabudowa\u0144. Nast\u0119pnie przemieszczali\u015bmy si\u0119 drog\u0105 prowadz\u0105c\u0105 do wie\u017cy telekomunikacyjnej by p\u00f3\u017aniej skr\u0119ci\u0107 na \u015bcie\u017ck\u0119 w stron\u0119 kamiennej wie\u017cy na g\u00f3rze \u015awi\u0119tej Anny. Ucieszy\u0142 nas fakt demonta\u017cu przeka\u017anik\u00f3w, kt\u00f3re ca\u0142e d\u0142ugie lata znajdowa\u0142y si\u0119 na wie\u017cy. Mamy te\u017c nadziej\u0119, \u017ce jej udost\u0119pnienie przyci\u0105gnie kolejnych turyst\u00f3w.<\/p>\n<p>Zej\u015bcie ko\u0142o ko\u015bci\u00f3\u0142ka i dawnego schroniska , zielonym szlakiem w stron\u0119 kamienia Ferchego. Ostatnie wsp\u00f3lne zdj\u0119cie, po kt\u00f3rym opuszczali nas kolejni uczestnicy wyprawy. W\u0119dr\u00f3wk\u0119 zako\u0144czyli\u015bmy o godzinie 14:30. Wszyscy byli\u015bmy zgodni w opinii, \u017ce pogoda dopisa\u0142a a wycieczka by\u0142a udana. Zapraszamy na kolejne w\u0119drowanie.<\/p>\n","protected":false},"excerpt":{"rendered":"<p>16 listopada 2013r. grupa wytrwa\u0142ych w\u0119drowc\u00f3w z Ko\u0142a PTTK pod kierunkiem kol. Czes\u0142awa Dominasa i z czujnym okiem kol. Edwarda Lady wybra\u0142a si\u0119 na wycieczk\u0119 ze \u015acinawki \u015aredniej, przez G\u00f3r\u0119 Wszystkich \u015awi\u0119tych i G\u00f3r\u0119 \u015bw. Anny do Nowej Rudy. 16 listopada 2013 ko\u0142o \u201eGwark\u00f3w Noworudzkich roku zaplanowa\u0142o wycieczk\u0119 po najbli\u017cszej okolicy. Trasa wiod\u0142a ze \u015acinawki [&hellip;]<\/p>\n","protected":false},"author":141,"featured_media":0,"comment_status":"closed","ping_status":"closed","sticky":false,"template":"","format":"standard","meta":{"ngg_post_thumbnail":0,"footnotes":""},"categories":[],"tags":[],"class_list":["post-3286","post","type-post","status-publish","format-standard","hentry"],"_links":{"self":[{"href":"https:\/\/kolo-nowaruda.klodzko.pttk.pl\/index.php\/wp-json\/wp\/v2\/posts\/3286","targetHints":{"allow":["GET"]}}],"collection":[{"href":"https:\/\/kolo-nowaruda.klodzko.pttk.pl\/index.php\/wp-json\/wp\/v2\/posts"}],"about":[{"href":"https:\/\/kolo-nowaruda.klodzko.pttk.pl\/index.php\/wp-json\/wp\/v2\/types\/post"}],"author":[{"embeddable":true,"href":"https:\/\/kolo-nowaruda.klodzko.pttk.pl\/index.php\/wp-json\/wp\/v2\/users\/141"}],"replies":[{"embeddable":true,"href":"https:\/\/kolo-nowaruda.klodzko.pttk.pl\/index.php\/wp-json\/wp\/v2\/comments?post=3286"}],"version-history":[{"count":1,"href":"https:\/\/kolo-nowaruda.klodzko.pttk.pl\/index.php\/wp-json\/wp\/v2\/posts\/3286\/revisions"}],"predecessor-version":[{"id":3319,"href":"https:\/\/kolo-nowaruda.klodzko.pttk.pl\/index.php\/wp-json\/wp\/v2\/posts\/3286\/revisions\/3319"}],"wp:attachment":[{"href":"https:\/\/kolo-nowaruda.klodzko.pttk.pl\/index.php\/wp-json\/wp\/v2\/media?parent=3286"}],"wp:term":[{"taxonomy":"category","embeddable":true,"href":"https:\/\/kolo-nowaruda.klodzko.pttk.pl\/index.php\/wp-json\/wp\/v2\/categories?post=3286"},{"taxonomy":"post_tag","embeddable":true,"href":"https:\/\/kolo-nowaruda.klodzko.pttk.pl\/index.php\/wp-json\/wp\/v2\/tags?post=3286"}],"curies":[{"name":"wp","href":"https:\/\/api.w.org\/{rel}","templated":true}]}}