{"id":3288,"date":"2013-11-30T00:00:00","date_gmt":"2013-11-29T22:00:00","guid":{"rendered":""},"modified":"2021-12-22T09:46:35","modified_gmt":"2021-12-22T08:46:35","slug":"tajeminicza-kaplica-i-dzikie-bebny","status":"publish","type":"post","link":"https:\/\/kolo-nowaruda.klodzko.pttk.pl\/index.php\/2013\/11\/30\/tajeminicza-kaplica-i-dzikie-bebny\/","title":{"rendered":"Tajemnicza kaplica i dzikie b\u0119bny, czyli dwa zamki na jednym szlaku."},"content":{"rendered":"<p>30 listopada 2013r. po\u0142\u0105czone grupy turystyczne Ko\u0142a PTTK im. &#8222;Gwark\u00f3w Noworudzkich&#8221; w Nowej Rudzie i Ko\u0142a Turystycznego Szko\u0142y Podstawowej i Gimnazjum we W\u0142odowicach ruszy\u0142y na spotkanie dw\u00f3ch wspania\u0142ych zabytk\u00f3w w \u015acinawce G\u00f3rnej i \u015aredniej. Wycieczk\u0119 prowadzi\u0142 kol. Witek Telus, a wsparcia merytoryczno-logistycznego udzieli\u0142 kol. Czes\u0142aw Dominas.<\/p>\n<p>Wycieczka rozpocz\u0119\u0142a si\u0119 o godzinie 9:00 na przystanku autobusowym w Nowej Rudzie, sk\u0105d wyruszyli\u015bmy drog\u0105 wzd\u0142u\u017c W\u0142odzicy w kierunku budynku Szko\u0142y we W\u0142odowicach. Pogoda sprawia\u0142a wra\u017cenie mocno niego\u015bcinnej, ale by\u0142 z nami Czes\u0142aw, uzbrojony w sw\u00f3j pot\u0119\u017cny artefakt &#8211; &#8222;S\u0142awa Czes\u0142awa&#8221;, zdolny rozp\u0119dza\u0107 chmury i odgania\u0107 opady. Na efekty nie trzeba by\u0142o d\u0142ugo czeka\u0107. Ju\u017c u bram szko\u0142y pogoda grzecznie skapitulowa\u0142a i nawet b\u0142ysn\u0119\u0142o s\u0142o\u0144ce. Przy szkole do\u0142\u0105czy\u0142a do nas kolejna podgrupa turyst\u00f3w i pow\u0119drowali\u015bmy dalej, drog\u0105 wzd\u0142u\u017c rzeki. Pierwszy post\u00f3j trafi\u0142 si\u0119 na dziedzi\u0144cu dawnego folwarku we W\u0142odowicach. Doko\u0142a zachowa\u0142y si\u0119 charakterystyczne zabudowania z XVIII wieku, niestety bardzo ju\u017c sfatygowane. Budynki przez jaki\u015b czas s\u0142u\u017cy\u0142y \u00f3wczesnemu PGR-owi, ale teraz ju\u017c nie pe\u0142ni\u0105 \u017cadnej roli. Nostalgi\u0119 widoku dope\u0142ni\u0142a czapla siwa kr\u0105\u017c\u0105ca majestatycznie nad zabudowaniami i \u015bci\u0119te pnie drzew poro\u015bni\u0119te boczniakiem ostrygowatym. Po kr\u00f3tkim posi\u0142ku ruszyli\u015bmy troch\u0119 drog\u0105, a troch\u0119 \u0142\u0105k\u0105 w kierunku zabudowa\u0144 pa\u0142acowych w \u015acinawce G\u00f3rnej. Pa\u0142ac Sarny przywita\u0142 nas ju\u017c do\u015b\u0107 s\u0142oneczn\u0105 pogod\u0105. Dzi\u0119ki uprzejmo\u015bci opiekuna obiektu mogli\u015bmy zwiedzi\u0107 kaplic\u0119 pa\u0142acow\u0105 z zachowanymi freskami i granitow\u0105 p\u0142yt\u0105 pami\u0105tkow\u0105. Wewn\u0105trz kaplicy trwaj\u0105 prace renowacyjne, co bardzo cieszy. Niestety stan reszty obiektu jest daleki od dobrego, co cieszy znacznie mniej. Z kompleksu pa\u0142acowego pow\u0119drowali\u015bmy dalej, przez \u015acinawk\u0119 G\u00f3rn\u0105, w kierunku \u015acinawki \u015aredniej i Zamku Kapitanowo. Pod go\u015bcinne dachy Henryka Krynickiego (alias Henryk von Oberhof) zaw\u0119drowali\u015bmy niemal w samo po\u0142udnie. I tu si\u0119 zacz\u0119\u0142a prawdziwie nieko\u0144cz\u0105ca si\u0119 opowie\u015b\u0107 o zamku i jego ukrytych tajemnicach. Do\u015b\u0107 wspomnie\u0107 tajne schody, unikalne elementy architetktonicze \u0142\u0105cz\u0105ce w sobie cechy gotyckie, barokowe i renesansowe oraz opowie\u015bci o \u015bredniowiecznej artylerii i kolejnych pr\u00f3bach ognia, jakie dotyka\u0142y Zamek. Jak si\u0119 okazuje najgorsze zniszczenia prze\u017cy\u0142 Zamek ju\u017c w XXI wieku i to z r\u0105k okolicznej ludno\u015bci, kt\u00f3ra doszcz\u0119tnie ograbi\u0142a i poniszczy\u0142a bezcenny zabytek. Do dnia dzisiejszego pa\u0144stwo Kryniccy w pocie czo\u0142a d\u017awigaj\u0105 z ruin i przywracaj\u0105 blask tej perle architektury Hrabstwa K\u0142odzkiego. Aby pokaza\u0107 \u017ce serce Zamku bije jednak mocno i \u017cadna si\u0142a nie odbierze Panu Henrykowi przekonania do s\u0142uszno\u015bci swoich dzia\u0142a\u0144 w\u0142a\u015bciciel zamku zorganizowa\u0142 dla nas specjalny koncert perkusyjny. Trzeba przyzna\u0107, \u017ce b\u0119bnami pan Henryk w\u0142ada nie mniej biegle ni\u017c s\u0142owem i czynem. Takiej energii nie spotyka si\u0119 cz\u0119sto. S\u0105dz\u0119, \u017ce gdyby jaka\u015b ma\u0142a armia zapl\u0105ta\u0142a si\u0119 w okolice Zamku z niecnym zamiarem zdobycia warowni to musia\u0142aby skapitulowa\u0107 w obliczu takiego oporu. Pan Henryk twardo w\u0142ada na zamku i basta. A\u017c szkoda by\u0142o opuszcza\u0107 go\u015bcinnego gospodarza, ale c\u00f3\u017c&#8230; czas goni\u0142. Trzeba by\u0142o jeszcze doj\u015b\u0107 na stacj\u0119 kolejow\u0105 w \u015acinawce \u015aredniej, sk\u0105d o godzinie 15:07 szynobus Kolei Dolno\u015bl\u0105skich zabra\u0142 nas do Nowej Rudy. Wycieczka w ostatnim dniu listopada dobieg\u0142a ko\u0144ca. Ju\u017c za tydzie\u0144, 7 grudnia zapraszamy na kolejn\u0105 wycieczk\u0119 &#8211; tym razem do Polanicy-Zdroju. Czy to b\u0119dzie ju\u017c ostatni nasz wypad w roku 2013? A to si\u0119 jeszcze oka\u017ce&#8230;<\/p>\n<p><strong>Wz\u00f3r wype\u0142nienia ksi\u0105\u017ceczki GOT:<\/strong><\/p>\n<table border=\"0\" frame=\"box\" rules=\"all\">\n<tbody>\n<tr>\n<td>\n<p>Data<br \/>odbycia<br \/>wycieczki<\/p>\n<\/td>\n<td>Trasa wycieczki<\/td>\n<td>Nr grupy<br \/>g\u00f3rskiej<br \/>wg reg. GOT<\/td>\n<td>Punkt\u00f3w<br \/>wg reg.<br \/>GOT<\/td>\n<td>Czy<br \/>przodownik<br \/>by\u0142 obecny<\/td>\n<td>Podpis i nr legitymacji<br \/>przodownika turystyki<br \/>g\u00f3rskiej<\/td>\n<\/tr>\n<tr>\n<td>30.11.2013<\/td>\n<td>Nowa Ruda-Sarny-\u015acinawka \u015arednia, 14 km<\/td>\n<td>S11<\/td>\n<td>14<\/td>\n<td>tak<\/td>\n<td><\/td>\n<\/tr>\n<\/tbody>\n<\/table>\n","protected":false},"excerpt":{"rendered":"<p>30 listopada 2013r. po\u0142\u0105czone grupy turystyczne Ko\u0142a PTTK im. &#8222;Gwark\u00f3w Noworudzkich&#8221; w Nowej Rudzie i Ko\u0142a Turystycznego Szko\u0142y Podstawowej i Gimnazjum we W\u0142odowicach ruszy\u0142y na spotkanie dw\u00f3ch wspania\u0142ych zabytk\u00f3w w \u015acinawce G\u00f3rnej i \u015aredniej. Wycieczk\u0119 prowadzi\u0142 kol. Witek Telus, a wsparcia merytoryczno-logistycznego udzieli\u0142 kol. Czes\u0142aw Dominas. Wycieczka rozpocz\u0119\u0142a si\u0119 o godzinie 9:00 na przystanku autobusowym [&hellip;]<\/p>\n","protected":false},"author":141,"featured_media":0,"comment_status":"closed","ping_status":"closed","sticky":false,"template":"","format":"standard","meta":{"ngg_post_thumbnail":0,"footnotes":""},"categories":[],"tags":[],"class_list":["post-3288","post","type-post","status-publish","format-standard","hentry"],"_links":{"self":[{"href":"https:\/\/kolo-nowaruda.klodzko.pttk.pl\/index.php\/wp-json\/wp\/v2\/posts\/3288","targetHints":{"allow":["GET"]}}],"collection":[{"href":"https:\/\/kolo-nowaruda.klodzko.pttk.pl\/index.php\/wp-json\/wp\/v2\/posts"}],"about":[{"href":"https:\/\/kolo-nowaruda.klodzko.pttk.pl\/index.php\/wp-json\/wp\/v2\/types\/post"}],"author":[{"embeddable":true,"href":"https:\/\/kolo-nowaruda.klodzko.pttk.pl\/index.php\/wp-json\/wp\/v2\/users\/141"}],"replies":[{"embeddable":true,"href":"https:\/\/kolo-nowaruda.klodzko.pttk.pl\/index.php\/wp-json\/wp\/v2\/comments?post=3288"}],"version-history":[{"count":1,"href":"https:\/\/kolo-nowaruda.klodzko.pttk.pl\/index.php\/wp-json\/wp\/v2\/posts\/3288\/revisions"}],"predecessor-version":[{"id":3317,"href":"https:\/\/kolo-nowaruda.klodzko.pttk.pl\/index.php\/wp-json\/wp\/v2\/posts\/3288\/revisions\/3317"}],"wp:attachment":[{"href":"https:\/\/kolo-nowaruda.klodzko.pttk.pl\/index.php\/wp-json\/wp\/v2\/media?parent=3288"}],"wp:term":[{"taxonomy":"category","embeddable":true,"href":"https:\/\/kolo-nowaruda.klodzko.pttk.pl\/index.php\/wp-json\/wp\/v2\/categories?post=3288"},{"taxonomy":"post_tag","embeddable":true,"href":"https:\/\/kolo-nowaruda.klodzko.pttk.pl\/index.php\/wp-json\/wp\/v2\/tags?post=3288"}],"curies":[{"name":"wp","href":"https:\/\/api.w.org\/{rel}","templated":true}]}}