{"id":3326,"date":"2014-02-23T00:00:00","date_gmt":"2014-02-22T22:00:00","guid":{"rendered":""},"modified":"-0001-11-30T00:00:00","modified_gmt":"-0001-11-29T22:00:00","slug":"wieza-bez-zamku-i-gora-bez-drogi-czyli-nieznane-zakatki-wzgorz-wlodzickich","status":"publish","type":"post","link":"https:\/\/kolo-nowaruda.klodzko.pttk.pl\/index.php\/2014\/02\/23\/wieza-bez-zamku-i-gora-bez-drogi-czyli-nieznane-zakatki-wzgorz-wlodzickich\/","title":{"rendered":"Wie\u017ca bez zamku i g\u00f3ra bez drogi, czyli nieznane zakatki Wzg\u00f3rz W\u0142odzickich"},"content":{"rendered":"<p>W s\u0142oneczna, wiosenna niedziel\u0119 23 lutego 2014r. 17-osobowa grupa cz\u0142onk\u00f3w i sympatyk\u00f3w Ko\u0142a PTTK im. &#8222;Gwark\u00f3w Noworudzkich&#8221; z Nowej Rudy wybra\u0142a si\u0119 na wycieczk\u0119 w ca\u0142kowicie nieznane rejony Wzg\u00f3rz W\u0142odzickich, czyli obszar, gdzie wzg\u00f3rza te w\u0142a\u015bciwie si\u0119 zaczynaja. Grup\u0119 poprowadzi\u0142 kol. Czes\u0142aw Dominas.<\/p>\n<p>Wycieczka rozpocz\u0119\u0142a si\u0119 o godzinie 10:00 na stacji Gorzuch\u00f3w K\u0142odzki, gdzie cz\u0119\u015b\u0107 dojecha\u0142a szynobusem, a cz\u0119\u015b\u0107 innymi sposobami. Grupa, skapana w lutowym s\u0142o\u0144cu wyruszy\u0142a na podb\u00f3j kolejnych wzniesie\u0144. Na &#8222;pierwszy ogie\u0144&#8221; trafi\u0142o wzg\u00f3rze Grodziszcze (396), gdzie trafili\u015bmy na stara, ale bardzo zniszczona wie\u017c\u0119 widokowa, stylizowana na ruiny zamku. Niestety z dawnych, drewnianych schod\u00f3w nie zosta\u0142o ani stopnia. Wie\u017c\u0119 widokowa zatem mo\u017cna by\u0142o oglada\u0107 tylko od spodu. Mo\u017ce jaki\u015b prastary von Magnis kiedy\u015b odtworzy ten zabytek? Po kr\u00f3tkim postoju przy ruinach wie\u017cy zeszli\u015bmy le\u015bna \u015bcie\u017cka w d\u00f3\u0142, w kierunku wcia\u017c widocznej linii kolejowej. Tu\u017c obok niej skr\u0119t w prawo, w drog\u0119 wiodaca w kierunku le\u015bnicz\u00f3wki w Bo\u017ckowie (te\u017c od Magnis\u00f3w). Po drodze min\u0119li\u015bmy ca\u0142kiem dobrze utrzymany staw, wok\u00f3\u0142 kt\u00f3rego ros\u0142y przepi\u0119kne, ogromne d\u0119by (to te\u017c sprawka rodu von Magnis). Tu\u017c za le\u015bnicz\u00f3wka droga poprowadzi\u0142a nas zboczem Czerwonej G\u00f3ry (413) i dalej, bardzo m\u0119czaca lesna droga, wijaca si\u0119 malowniczymi zakosami w kierunku wzniesienia Weso\u0142a (492). Czy ja wiem, czy taka weso\u0142a? Raczej M\u0119czaca albo Sapiaca. Jak kto woli. Droga le\u015bna dotarli\u015bmy do ostatnich zabudowa\u0144 osiedla Zag\u00f3rze w S\u0142upcu. Po kr\u00f3tkiej naradzie grupa wybra\u0142a kolejne podej\u015bcie na szczyt Wilkowca (598). Tu ju\u017c by\u0142o ca\u0142kiem powa\u017cne wspinanie &#8211; w\u015br\u00f3d le\u015bnych przecinek. Ale widok na szczycie by\u0142 tego wart. Z jednej strony wida\u0107 by\u0142o odleg\u0142y szczyt \u015anie\u017cnika, a z drugiej bia\u0142a kopu\u0142\u0119 \u015anie\u017cki. Na dow\u00f3d nasz fotograf, kol. Edward Lada wykona\u0142 zdj\u0119cie. Ze szczytu Wilkowca nie by\u0142o ju\u017c tak przyjemnie zej\u015b\u0107. Liczne sugestie i wskaz\u00f3wki oraz mnogo\u015b\u0107 przewodnik\u00f3w przynios\u0142y taki skutek, \u017ce zacz\u0119li\u015bmy schodzi\u0107 ca\u0142kiem poza \u015bcie\u017ckami, prosto w d\u00f3\u0142, przez bardzo strome zbocze. Nawet biegajace wsz\u0119dzie sarny zdawa\u0142y si\u0119 omija\u0107 to zbocze. Nie na darmo ludowa opowie\u015b\u0107 nazywa to wzniesienie &#8222;Diabelska G\u00f3ra&#8221;. Na szcz\u0119\u015bcie mordercze zej\u015bcie nie by\u0142o bardzo d\u0142ugie i w ko\u0144cu stan\u0119li\u015bmy na \u0142ace nad ulica Kasztanowa w S\u0142upcu. Potem ju\u017c ca\u0142kiem \u0142agodnie, obok starego zboru ewangelickiego dotarli\u015bmy do przystanku autobusowego. Tu cz\u0119\u015b\u0107 wybra\u0142a powr\u00f3t samochodem, a cz\u0119\u015b\u0107 postanowi\u0142a zaczeka\u0107 na transport busem, podziwiajac widoki na Wilkowiec i saczac lokalny&#8230; eee&#8230; nap\u00f3j gazowany. Wycieczka uda\u0142a si\u0119, a wspomnienie goracej lutowej niedzieli ju\u017c zaowocowa\u0142o pomys\u0142em na kolejny wypad. Podobno ma to by\u0107 sobota 1 marca i podobno na Ptasi Wierch. No, zobaczymy.<\/p>\n<p>Zdj\u0119cia: E.Lada i J.Oko\u0144ski<\/p>\n<p><strong>Wz\u00f3r wype\u0142nienia ksia\u017ceczki GOT:<\/strong><\/p>\n<table border=\"0\" frame=\"box\" rules=\"all\">\n<tbody>\n<tr>\n<td>\n<p>Data<br \/>odbycia<br \/>wycieczki<\/p>\n<\/td>\n<td>Trasa wycieczki<\/td>\n<td>Nr grupy<br \/>g\u00f3rskiej<br \/>wg reg. GOT<\/td>\n<td>Punkt\u00f3w<br \/>wg reg.<br \/>GOT<\/td>\n<td>Czy<br \/>przodownik<br \/>by\u0142 obecny<\/td>\n<td>Podpis i nr legitymacji<br \/>przodownika turystyki<br \/>g\u00f3rskiej<\/td>\n<\/tr>\n<tr>\n<td>23.02.2014<\/td>\n<td>Gorzuch\u00f3w-Grodziszcze-Wilkowiec-S\u0142upiec<br \/>15km 300m<\/td>\n<td>S11<\/td>\n<td>18<\/td>\n<td>tak<\/td>\n<td><\/td>\n<\/tr>\n<\/tbody>\n<\/table>\n","protected":false},"excerpt":{"rendered":"<p>W s\u0142oneczna, wiosenna niedziel\u0119 23 lutego 2014r. 17-osobowa grupa cz\u0142onk\u00f3w i sympatyk\u00f3w Ko\u0142a PTTK im. &#8222;Gwark\u00f3w Noworudzkich&#8221; z Nowej Rudy wybra\u0142a si\u0119 na wycieczk\u0119 w ca\u0142kowicie nieznane rejony Wzg\u00f3rz W\u0142odzickich, czyli obszar, gdzie wzg\u00f3rza te w\u0142a\u015bciwie si\u0119 zaczynaja. Grup\u0119 poprowadzi\u0142 kol. Czes\u0142aw Dominas. Wycieczka rozpocz\u0119\u0142a si\u0119 o godzinie 10:00 na stacji Gorzuch\u00f3w K\u0142odzki, gdzie cz\u0119\u015b\u0107 [&hellip;]<\/p>\n","protected":false},"author":141,"featured_media":0,"comment_status":"closed","ping_status":"closed","sticky":false,"template":"","format":"standard","meta":{"ngg_post_thumbnail":0,"footnotes":""},"categories":[],"tags":[],"class_list":["post-3326","post","type-post","status-publish","format-standard","hentry"],"_links":{"self":[{"href":"https:\/\/kolo-nowaruda.klodzko.pttk.pl\/index.php\/wp-json\/wp\/v2\/posts\/3326","targetHints":{"allow":["GET"]}}],"collection":[{"href":"https:\/\/kolo-nowaruda.klodzko.pttk.pl\/index.php\/wp-json\/wp\/v2\/posts"}],"about":[{"href":"https:\/\/kolo-nowaruda.klodzko.pttk.pl\/index.php\/wp-json\/wp\/v2\/types\/post"}],"author":[{"embeddable":true,"href":"https:\/\/kolo-nowaruda.klodzko.pttk.pl\/index.php\/wp-json\/wp\/v2\/users\/141"}],"replies":[{"embeddable":true,"href":"https:\/\/kolo-nowaruda.klodzko.pttk.pl\/index.php\/wp-json\/wp\/v2\/comments?post=3326"}],"version-history":[{"count":0,"href":"https:\/\/kolo-nowaruda.klodzko.pttk.pl\/index.php\/wp-json\/wp\/v2\/posts\/3326\/revisions"}],"wp:attachment":[{"href":"https:\/\/kolo-nowaruda.klodzko.pttk.pl\/index.php\/wp-json\/wp\/v2\/media?parent=3326"}],"wp:term":[{"taxonomy":"category","embeddable":true,"href":"https:\/\/kolo-nowaruda.klodzko.pttk.pl\/index.php\/wp-json\/wp\/v2\/categories?post=3326"},{"taxonomy":"post_tag","embeddable":true,"href":"https:\/\/kolo-nowaruda.klodzko.pttk.pl\/index.php\/wp-json\/wp\/v2\/tags?post=3326"}],"curies":[{"name":"wp","href":"https:\/\/api.w.org\/{rel}","templated":true}]}}