{"id":3327,"date":"2014-03-01T00:00:00","date_gmt":"2014-02-28T22:00:00","guid":{"rendered":""},"modified":"-0001-11-30T00:00:00","modified_gmt":"-0001-11-29T22:00:00","slug":"maly-spacerek-i-naprawde-suche-gory-czyli-poszukiwanie-zaginionego-stawu","status":"publish","type":"post","link":"https:\/\/kolo-nowaruda.klodzko.pttk.pl\/index.php\/2014\/03\/01\/maly-spacerek-i-naprawde-suche-gory-czyli-poszukiwanie-zaginionego-stawu\/","title":{"rendered":"Ma\u0142y spacerek i naprawd\u0119 suche g\u00f3ry, czyli poszukiwanie zaginionego stawu"},"content":{"rendered":"<p>W przepi\u0119kna, s\u0142oneczna sobot\u0119 dnia 1 marca 2014r. grupa turyst\u00f3w z Ko\u0142a PTTK im. &#8222;Gwark\u00f3w Noworudzkich&#8221; w Nowej Rudzie wybra\u0142a si\u0119 na ma\u0142y (hm&#8230;) spacer w G\u00f3ry Suche. Planowana cz\u0119\u015b\u0107 trasy mia\u0142a 4,5 km, za\u015b nieplanowana&#8230; nieco wi\u0119cej. Grup\u0119 poprowadzi\u0142 kol. Robert Doma\u0144ski.<\/p>\n<p>Wycieczk\u0119 rozpocz\u0119li\u015bmy o 9:30 na noworudzkim rynku, gdzie poczatkowo spotka\u0142a si\u0119 piatka w\u0119drowc\u00f3w. Ju\u017c na ulicy Ko\u015bcielnej dotar\u0142a do nas dw\u00f3jka sp\u00f3\u017anialskich, zatem w dalsza drog\u0119 posz\u0142o siedmiu wspania\u0142ych.<\/p>\n<p>Najpierw ulica Ko\u015bcielna, potem Martwa (ju\u017c otwarta!) do ul. Fredry, a nast\u0119pnie droga wzd\u0142u\u017c W\u0142odzicy przez W\u0142odowice. Za Szko\u0142a Podstawowa weszli\u015bmy w \u015blad planowanego szlaku niebieskiego. Pierwsze metry pokonujemy w g\u00f3r\u0119, droga w kierunku \u015awierk. Potem skr\u0119camy na most na potoku, z kt\u00f3rego mo\u017cna podziwia\u0107 przepi\u0119kny kanion wy\u017c\u0142obiony w piaskowcach. Normalnie takie ma\u0142e Kolorado. Dalej droga asfaltowa w g\u00f3r\u0119, na grzbiet wzniesienia Gaik, mijajac przydro\u017cna kaplic\u0119 w sasiedztwie okaza\u0142ego d\u0119bu. Na grzbiecie Gaika mo\u017cna by\u0142o zobaczy\u0107 wspania\u0142a panoram\u0119 miasta Nowa Ruda i okolicznych pasm wzg\u00f3rz i g\u00f3r. Dalej, za grzbietem droga schodzi \u0142agodnie w d\u00f3\u0142, w kierunku doliny Marcowskiego Potoku. Na samym dole potok mo\u017cna przej\u015b\u0107 po drewnianej k\u0142adce. Dalej w\u0119drujemy prosto w g\u00f3r\u0119, w kierunku dobrze widocznego gospodarstwa. Za gospodarstwem sa dwie drogi &#8211; w lewo i w g\u00f3r\u0119 w kierunku dobrze widocznej kaplicy lub w prawo, w kierunku lasu. My wybrali\u015bmy doj\u015bcie do kaplicy, gdzie po kr\u00f3tkim odpoczynku podj\u0119li\u015bmy w\u0119dr\u00f3wk\u0119 wzd\u0142u\u017c kraw\u0119dzi lasu, w prawo i w d\u00f3\u0142. Na le\u015bnym rozdro\u017cu wchodzi si\u0119 w g\u00f3r\u0119, \u0142agodna droga le\u015bna. Ostatnie metry po polskiej stronie i ju\u017c jeste\u015bmy na pasie granicznym. Skr\u0119camy w lewo, w g\u00f3r\u0119 i mijamy s\u0142upek nr 194\/5. Tu\u017c za nim, przy okaza\u0142ym buku wchodzimy na czeska, le\u015bna drog\u0119 wiodaca na \u015br\u00f3dle\u015bna upraw\u0119 z okaza\u0142a wie\u017ca &#8222;ambona&#8221;. Nasza grupa wybra\u0142a dalsza drog\u0119 po czeskim szlaku zielonym w kierunku Sonova. Przepi\u0119kny szlak \u0142agodnie sprowadzi\u0142 nas w\u015br\u00f3d \u0142ak i p\u00f3l do wsi. Niestety lokalny przybytek dla amator\u00f3w z\u0142ocistego trunku okaza\u0142 si\u0119 &#8222;zavreno&#8221;. Trudno &#8211; trzeba by\u0142o i\u015b\u0107 dalej. Na szcz\u0119\u015bcie do Polski by\u0142o niedaleko. Droga z Sonova doprowadzi\u0142a nas do T\u0142umacz\u00f3wka, gdzie ponownie przeci\u0119li\u015bmy granic\u0119. A potem dalej asfaltowa droga do T\u0142umaczowa. Tam, we wsi, na skrzy\u017cowaniu z ulga przywitali\u015bmy czynny sklep spo\u017cywczy. Post\u00f3j jednak mia\u0142 sw\u00f3j czas, a droga jeszcze mia\u0142a by\u0107 daleka. Wybrali\u015bmy zatem szlak \u017c\u00f3\u0142ty do Nowej Rudy, wzd\u0142u\u017c biegu W\u0142odzicy, majac nadziej\u0119 na odwiedzenie Pa\u0142acu &#8222;Sarny&#8221;, gdzie podobno rozpocz\u0119\u0142y si\u0119 prace remontowe. No i okaza\u0142o si\u0119, \u017ce rzeczywi\u015bcie co\u015b si\u0119 dzieje. Wida\u0107 by\u0142o sterty gruzu wyrzuconego z wn\u0119trz pa\u0142acowych, a pracujacy na dziedzi\u0144cu mieszka\u0144cy wsi ostrzegli, \u017ce wst\u0119p w okolice samego pa\u0142acu jest surowo wzbroniony. Taka decyzja nowych w\u0142a\u015bcicieli. C\u00f3\u017c by\u0142o robi\u0107 &#8211; wyruszyli\u015bmy w dalsza drog\u0119. Propozycja wej\u015bcia na G\u00f3r\u0119 Anny jako\u015b nie wywo\u0142a\u0142a entuzjazmu turyst\u00f3w. Nie wiadomo, czy to p\u00f3\u017ana pora, czy fakt, \u017ce mieli\u015bmy ju\u017c za soba prawie 20 km drogi&#8230; Przez W\u0142odowice dotarli\u015bmy wi\u0119c zn\u00f3w do Nowej Rudy. Prawie 23 kilometry w\u0119dr\u00f3wki to jednak nie w kij dmucha\u0142. Mo\u017cna by\u0142o si\u0119 poczu\u0107 lekko zm\u0119czonym. Je\u015bli jednak kto\u015b lubi takie spacerki to zapraszamy na wsp\u00f3lna wycieczk\u0119 z PTTK K\u0142odzko na 9 marca.<\/p>\n<p>Zdj\u0119cia: W.Telus, J.Oko\u0144ski<\/p>\n<p><strong>Wz\u00f3r wype\u0142nienia ksia\u017ceczki GOT:<\/strong><\/p>\n<table border=\"0\" frame=\"box\" rules=\"all\">\n<tbody>\n<tr>\n<td>\n<p>Data<br \/>odbycia<br \/>wycieczki<\/p>\n<\/td>\n<td>Trasa wycieczki<\/td>\n<td>Nr grupy<br \/>g\u00f3rskiej<br \/>wg reg. GOT<\/td>\n<td>Punkt\u00f3w<br \/>wg reg.<br \/>GOT<\/td>\n<td>Czy<br \/>przodownik<br \/>by\u0142 obecny<\/td>\n<td>Podpis i nr legitymacji<br \/>przodownika turystyki<br \/>g\u00f3rskiej<\/td>\n<\/tr>\n<tr>\n<td>01.03.2014<\/td>\n<td>Nowa Ruda-W\u0142odowice<br \/>3km<\/td>\n<td>S11<\/td>\n<td>3<\/td>\n<td>tak<\/td>\n<td><\/td>\n<\/tr>\n<tr>\n<td>01.03.2014<\/td>\n<td>W\u0142odowice-Ptasi Szczyt<\/td>\n<td>S09<\/td>\n<td>5<\/td>\n<td>tak<\/td>\n<td><\/td>\n<\/tr>\n<tr>\n<td>01.03.2014<\/td>\n<td>Ptasi Szczyt-Sonov-T\u0142umacz\u00f3w<br \/>9km<\/td>\n<td>S09<\/td>\n<td>9<\/td>\n<td>tak<\/td>\n<td><\/td>\n<\/tr>\n<tr>\n<td>01.03.2014<\/td>\n<td>T\u0142umacz\u00f3w-W\u0142odowice-Nowa Ruda<br \/>11km<\/td>\n<td>S11<\/td>\n<td>11<\/td>\n<td>tak<\/td>\n<td><\/td>\n<\/tr>\n<\/tbody>\n<\/table>\n","protected":false},"excerpt":{"rendered":"<p>W przepi\u0119kna, s\u0142oneczna sobot\u0119 dnia 1 marca 2014r. grupa turyst\u00f3w z Ko\u0142a PTTK im. &#8222;Gwark\u00f3w Noworudzkich&#8221; w Nowej Rudzie wybra\u0142a si\u0119 na ma\u0142y (hm&#8230;) spacer w G\u00f3ry Suche. Planowana cz\u0119\u015b\u0107 trasy mia\u0142a 4,5 km, za\u015b nieplanowana&#8230; nieco wi\u0119cej. Grup\u0119 poprowadzi\u0142 kol. Robert Doma\u0144ski. Wycieczk\u0119 rozpocz\u0119li\u015bmy o 9:30 na noworudzkim rynku, gdzie poczatkowo spotka\u0142a si\u0119 piatka [&hellip;]<\/p>\n","protected":false},"author":141,"featured_media":0,"comment_status":"closed","ping_status":"closed","sticky":false,"template":"","format":"standard","meta":{"ngg_post_thumbnail":0,"footnotes":""},"categories":[],"tags":[],"class_list":["post-3327","post","type-post","status-publish","format-standard","hentry"],"_links":{"self":[{"href":"https:\/\/kolo-nowaruda.klodzko.pttk.pl\/index.php\/wp-json\/wp\/v2\/posts\/3327","targetHints":{"allow":["GET"]}}],"collection":[{"href":"https:\/\/kolo-nowaruda.klodzko.pttk.pl\/index.php\/wp-json\/wp\/v2\/posts"}],"about":[{"href":"https:\/\/kolo-nowaruda.klodzko.pttk.pl\/index.php\/wp-json\/wp\/v2\/types\/post"}],"author":[{"embeddable":true,"href":"https:\/\/kolo-nowaruda.klodzko.pttk.pl\/index.php\/wp-json\/wp\/v2\/users\/141"}],"replies":[{"embeddable":true,"href":"https:\/\/kolo-nowaruda.klodzko.pttk.pl\/index.php\/wp-json\/wp\/v2\/comments?post=3327"}],"version-history":[{"count":0,"href":"https:\/\/kolo-nowaruda.klodzko.pttk.pl\/index.php\/wp-json\/wp\/v2\/posts\/3327\/revisions"}],"wp:attachment":[{"href":"https:\/\/kolo-nowaruda.klodzko.pttk.pl\/index.php\/wp-json\/wp\/v2\/media?parent=3327"}],"wp:term":[{"taxonomy":"category","embeddable":true,"href":"https:\/\/kolo-nowaruda.klodzko.pttk.pl\/index.php\/wp-json\/wp\/v2\/categories?post=3327"},{"taxonomy":"post_tag","embeddable":true,"href":"https:\/\/kolo-nowaruda.klodzko.pttk.pl\/index.php\/wp-json\/wp\/v2\/tags?post=3327"}],"curies":[{"name":"wp","href":"https:\/\/api.w.org\/{rel}","templated":true}]}}