{"id":3333,"date":"2014-04-12T00:00:00","date_gmt":"2014-04-11T22:00:00","guid":{"rendered":""},"modified":"-0001-11-30T00:00:00","modified_gmt":"-0001-11-29T22:00:00","slug":"w-druzynie-licznej-u-stop-iglicznej","status":"publish","type":"post","link":"https:\/\/kolo-nowaruda.klodzko.pttk.pl\/index.php\/2014\/04\/12\/w-druzynie-licznej-u-stop-iglicznej\/","title":{"rendered":"W dru\u017cynie licznej u st\u00f3p Iglicznej"},"content":{"rendered":"<p>12 kwietnia 2014r. grupa m\u0142odych turyst\u00f3w z SKKT przy Szkole Podstawowej nr 3 im. Josepha Wittiga w Nowej Rudzie, pod opieka kol. Karola Maliszewskiego, kol. Izabeli Muller i kol. Edwarda Lady oraz grupa turyst\u00f3w z Ko\u0142a PTTK im. &#8222;Gwark\u00f3w Noworudzkich&#8221; w Nowej Rudzie wybra\u0142a si\u0119 na wycieczk\u0119 w Masyw \u015anie\u017cnika.<\/p>\n<p>Wycieczka rozpocz\u0119\u0142a si\u0119 bardzo mi\u0142ym akcentem. W dawnym budynku stacji kolejowej (obecnie Centrum Edukacji, Turystyki i Kultury) przywitali nas pracownicy, wr\u0119czajac mapki okolic Stronia \u015alaskiego. Nast\u0119pnym punktem programu by\u0142a wystawa minera\u0142\u00f3w w centrum miasta. Po obejrzeniu kolekcji ruszyli\u015bmy szlakiem zielonym w kierunku Stronia \u015alaskiego Wsi, gdzie szlak skierowa\u0142 nas na le\u015bne dukty. Powoli w g\u00f3r\u0119 dotarli\u015bmy do Prze\u0142\u0119czy pod Ch\u0142opkiem, gdzie do szlaku zielonego do\u0142aczy\u0142 czerwony, g\u0142\u00f3wny szlak sudecki im. dr Mariana Or\u0142owicza.<br \/>Oba szlaki poprowadzi\u0142y nas przez kolejne wzniesienia a\u017c do kraw\u0119dzi lasu nad Sienna, nad prze\u0142\u0119cz Puchacz\u00f3wka, gdzie przysz\u0142a pora na ognisko i tradycyjne kie\u0142baski. Rozgo\u015bcili\u015bmy si\u0119 przy zniszczonej bac\u00f3wce.<br \/>Po posi\u0142ku ruszyli\u015bmy w dalsza drog\u0119 ku Czarnej G\u00f3rze. Mozolna wspinaczka kamienista \u015bcie\u017cka wielu da\u0142a si\u0119 we znaki. Zw\u0142aszcza, \u017ce ostatnie metry pokonali\u015bmy brnac w \u015bniegu (!). Wreszcie na szczycie Czarnej G\u00f3ry czeka\u0142 na nas odpoczynek. Wizyta na wie\u017cy widkokowej pozwoli\u0142a zobaczy\u0107 przepi\u0119kne okolice Czarnej G\u00f3ry, w tym \u015anie\u017cnik i Igliczna.<br \/>Poniewa\u017c nasi milusi\u015bncy ju\u017c odpocz\u0119li i wyra\u017anie rozpiera\u0142a ich energia trzeba by\u0142o ruszy\u0107 dalej &#8211; stroma \u015bcie\u017cka, przez \u015bnieg i las w d\u00f3\u0142 do ni\u017cszych partii Masywu \u015anie\u017cnika. Kolejny odpoczynek to dopiero kaplica pod Lesie\u0144cem. I zn\u00f3w w d\u00f3\u0142 w kierunku rozdro\u017ca pod Igliczna. Potem ju\u017c wygodna, brukowana aleja prosto do schroniska. W schronisku konkurs krajoznawczy (z nagrodami). Nieoczekiwanie w organizacj\u0119 konkursu w\u0142aczy\u0142 si\u0119 gospodarz schroniska, fundujac ekstra nagrody rzeczowe, za co serdecznie dzi\u0119kujemy!<br \/>Ze schroniska szlakiem \u017c\u00f3\u0142tym, stromo w d\u00f3\u0142 a\u017c do wsi Marian\u00f3wka, gdzie &#8211; zgodnie z wielowiekowa tradycja &#8211; dru\u017cyna &#8222;poharata\u0142a w ga\u0142\u0119&#8221;. Wygrali &#8211; jak\u017ceby inaczej &#8211; nasi!<br \/>Z Marian\u00f3wki odjechali\u015bmy o 18:00, \u017cegnani przez grup\u0119 harcerska, kt\u00f3ra pozowli\u0142a nam na kr\u00f3tki post\u00f3j przed powrotem.<br \/>Ju\u017c w autobusie rozszumia\u0142y si\u0119 mapy &#8211; to nieomylny znak, \u017ce &#8222;grupa z tr\u00f3jki&#8221;, zn\u00f3w co\u015b szykuje&#8230;<\/p>\n<p>Zdj\u0119cia przygotowa\u0142 kol. Edward Lada<\/p>\n<p><strong>Wz\u00f3r wype\u0142nienia ksia\u017ceczki GOT:<\/strong><\/p>\n<table border=\"0\" frame=\"box\" rules=\"all\">\n<tbody>\n<tr>\n<td>\n<p>Data<br \/>odbycia<br \/>wycieczki<\/p>\n<\/td>\n<td>Trasa wycieczki<\/td>\n<td>Nr grupy<br \/>g\u00f3rskiej<br \/>wg reg. GOT<\/td>\n<td>Punkt\u00f3w<br \/>wg reg.<br \/>GOT<\/td>\n<td>Czy<br \/>przodownik<br \/>by\u0142 obecny<\/td>\n<td>Podpis i nr legitymacji<br \/>przodownika turystyki<br \/>g\u00f3rskiej<\/td>\n<\/tr>\n<tr>\n<td>12.04.2014<\/td>\n<td>Stronie \u015al.-Prze\u0142. pod Ch\u0142opkiem<\/td>\n<td>S16<\/td>\n<td>5<\/td>\n<td>nie<\/td>\n<td><\/td>\n<\/tr>\n<tr>\n<td>12.04.2014<\/td>\n<td>Prze\u0142. pod Ch\u0142opkiem-Prze\u0142. Puchacz\u00f3wka<\/td>\n<td>S16<\/td>\n<td>7<\/td>\n<td>nie<\/td>\n<td><\/td>\n<\/tr>\n<tr>\n<td>12.04.2014<\/td>\n<td>Prze\u0142.Puchacz\u00f3wka-czarna G\u00f3ra<\/td>\n<td>S16<\/td>\n<td>3<\/td>\n<td>nie<\/td>\n<td><\/td>\n<\/tr>\n<tr>\n<td>12.04.2014<\/td>\n<td>Czarna G\u00f3ra-Prze\u0142. pod Jaworowa Kopa<\/td>\n<td>S16<\/td>\n<td>1<\/td>\n<td>nie<\/td>\n<td><\/td>\n<\/tr>\n<tr>\n<td>12.04.2014<\/td>\n<td>Prze\u0142. pod Jaworowa Kopa-Rozdro\u017ce pod Lesie\u0144cem<\/td>\n<td>S16<\/td>\n<td>2<\/td>\n<td>nie<\/td>\n<td><\/td>\n<\/tr>\n<tr>\n<td>12.04.2014<\/td>\n<td>Rozdro\u017ce pod Lesie\u0144cem-Igliczna<\/td>\n<td>S16<\/td>\n<td>5<\/td>\n<td>nie<\/td>\n<td><\/td>\n<\/tr>\n<tr>\n<td>12.04.2014<\/td>\n<td>Igliczna-Marian\u00f3wka<\/td>\n<td>S16<\/td>\n<td>2<\/td>\n<td>nie<\/td>\n<td><\/td>\n<\/tr>\n<\/tbody>\n<\/table>\n","protected":false},"excerpt":{"rendered":"<p>12 kwietnia 2014r. grupa m\u0142odych turyst\u00f3w z SKKT przy Szkole Podstawowej nr 3 im. Josepha Wittiga w Nowej Rudzie, pod opieka kol. Karola Maliszewskiego, kol. Izabeli Muller i kol. Edwarda Lady oraz grupa turyst\u00f3w z Ko\u0142a PTTK im. &#8222;Gwark\u00f3w Noworudzkich&#8221; w Nowej Rudzie wybra\u0142a si\u0119 na wycieczk\u0119 w Masyw \u015anie\u017cnika. Wycieczka rozpocz\u0119\u0142a si\u0119 bardzo mi\u0142ym [&hellip;]<\/p>\n","protected":false},"author":141,"featured_media":0,"comment_status":"closed","ping_status":"closed","sticky":false,"template":"","format":"standard","meta":{"ngg_post_thumbnail":0,"footnotes":""},"categories":[],"tags":[],"class_list":["post-3333","post","type-post","status-publish","format-standard","hentry"],"_links":{"self":[{"href":"https:\/\/kolo-nowaruda.klodzko.pttk.pl\/index.php\/wp-json\/wp\/v2\/posts\/3333","targetHints":{"allow":["GET"]}}],"collection":[{"href":"https:\/\/kolo-nowaruda.klodzko.pttk.pl\/index.php\/wp-json\/wp\/v2\/posts"}],"about":[{"href":"https:\/\/kolo-nowaruda.klodzko.pttk.pl\/index.php\/wp-json\/wp\/v2\/types\/post"}],"author":[{"embeddable":true,"href":"https:\/\/kolo-nowaruda.klodzko.pttk.pl\/index.php\/wp-json\/wp\/v2\/users\/141"}],"replies":[{"embeddable":true,"href":"https:\/\/kolo-nowaruda.klodzko.pttk.pl\/index.php\/wp-json\/wp\/v2\/comments?post=3333"}],"version-history":[{"count":0,"href":"https:\/\/kolo-nowaruda.klodzko.pttk.pl\/index.php\/wp-json\/wp\/v2\/posts\/3333\/revisions"}],"wp:attachment":[{"href":"https:\/\/kolo-nowaruda.klodzko.pttk.pl\/index.php\/wp-json\/wp\/v2\/media?parent=3333"}],"wp:term":[{"taxonomy":"category","embeddable":true,"href":"https:\/\/kolo-nowaruda.klodzko.pttk.pl\/index.php\/wp-json\/wp\/v2\/categories?post=3333"},{"taxonomy":"post_tag","embeddable":true,"href":"https:\/\/kolo-nowaruda.klodzko.pttk.pl\/index.php\/wp-json\/wp\/v2\/tags?post=3333"}],"curies":[{"name":"wp","href":"https:\/\/api.w.org\/{rel}","templated":true}]}}