{"id":3334,"date":"2014-04-26T00:00:00","date_gmt":"2014-04-25T22:00:00","guid":{"rendered":""},"modified":"-0001-11-30T00:00:00","modified_gmt":"-0001-11-29T22:00:00","slug":"mlodziez-wyrusza-na-gore-bogusza","status":"publish","type":"post","link":"https:\/\/kolo-nowaruda.klodzko.pttk.pl\/index.php\/2014\/04\/26\/mlodziez-wyrusza-na-gore-bogusza\/","title":{"rendered":"M\u0142odzie\u017c wyrusza na G\u00f3r\u0119 Bogusza"},"content":{"rendered":"<p>W s\u0142oneczno-burzowa sobot\u0119, 26 kwietnia 2014r. na poro\u015bni\u0119te trawa szlaki wok\u00f3\u0142 Nowej Rudy wyruszy\u0142a grupa m\u0142odych cia\u0142em i duchem turyst\u00f3w ze Szko\u0142y Podstawowej im. \u015bw. Wojciecha z W\u0142odowic (pod kierunkiem Witka Telusa), Gimnazjum nr 1 im. Zjednoczonej Europy z Nowej Rudy (pod kierunkiem Anety Telus) oraz Ko\u0142a PTTK im. &#8222;Gwark\u00f3w Noworudzkich&#8221; w Nowej Rudzie (pod kierunkiem Czes\u0142awa Dominasa. Go\u015bciem specjalnym wycieczki by\u0142 tajemniczy Jorge z Hiszpanii.<\/p>\n<p>Wycieczka rozpocz\u0119\u0142a si\u0119 przy noworudzkim stadionie przy ul. Fredry, skad wyruszy\u0142a 19-osobowa grupa w\u0119drowc\u00f3w. Pierwsze kroki wycieczki to tradycyjna ju\u017c &#8222;dolna droga&#8221; we W\u0142odowicach i kr\u00f3tki post\u00f3j pod budynkiem Szko\u0142y Podstawowej i Gimnazjum. Dalej pow\u0119drowali\u015bmy w kierunku mostu nad potokiem Skakawa i dalej, wzd\u0142u\u017c jego biegu w kierunku Sokolicy. Droga stopniowo wznosi\u0142a si\u0119 w kierunku widocznego coraz lepiej wzg\u00f3rza Rybak, a\u017c wreszcie doprowadzi\u0142a nas do asfaltowej drogi \u0142aczacej W\u0142odowice i \u015awierki. Charakterystycznym akcentem botanicznym tego odcinka by\u0142 pojawiajacy si\u0119 coraz liczniej bardzo gro\u017any &#8222;go\u015b\u0107&#8221; &#8211; Barszcz Sosnowskiego (<span><em>Heracleum sosnowskyi<\/em>). Dalsza w\u0119dr\u00f3wka (wcia\u017c w g\u00f3r\u0119) to droga we wsi Krajan\u00f3w, a\u017c do ko\u0144ca zabudowa\u0144 i zjazdu w kierunku osiedla Krajan\u00f3w-Bytkowice, gdzie przysz\u0142a pora na d\u0142u\u017cszy piknik.<\/span><\/p>\n<p><span>Z Bytkowic, zn\u00f3w w g\u00f3r\u0119, uda\u0142o nam si\u0119 wspia\u0107 na zbocza Sokolego Stoku, gdzie trafili\u015bmy na szlak zielony. Ciekawym &#8222;folklorystycznym akcentem&#8221; by\u0142a obserwacja walki toczonej pomi\u0119dzy znakarzami PTTK, znakujacymi ten szlak a nieznanym bli\u017cej mieszka\u0144cem tego terenu, systematycznie niszczacym te oznaczenia. Pod koniec Sokolego Stoku uda\u0142o si\u0119 znale\u017a\u0107&#8230; pierwsze w tym sezonie grzyby. By\u0142o to kilka okaz\u00f3w smardza jadalnego (<span><em>Morchella esculenta<\/em>) &#8211; uwaga: obj\u0119ty \u015bcis\u0142a ochrona!<\/span><\/span><\/p>\n<p><span><span>Po odpoczynku przy kapliczce nad Osiedlem Piastowskim grupa wyruszy\u0142a przez polne drogi w kierunku doskonale widocznego masywu Bogusza. Na skraju lasu zap\u0142on\u0119\u0142o ognisko (nie bez walki z wszechobecna wilgocia) i kie\u0142baski upiek\u0142y si\u0119 znakomicie. Potem ju\u017c w d\u00f3\u0142, le\u015bna \u015bcie\u017cka do Nowej Rudy, gdzie oko\u0142o 14:30 wycieczka dobieg\u0142a ko\u0144ca.<\/span><\/span><\/p>\n<p><strong>Wz\u00f3r wype\u0142nienia ksia\u017ceczki GOT:<\/strong><\/p>\n<table border=\"0\" frame=\"box\" rules=\"all\">\n<tbody>\n<tr>\n<td>\n<p>Data<br \/>odbycia<br \/>wycieczki<\/p>\n<\/td>\n<td>Trasa wycieczki<\/td>\n<td>Nr grupy<br \/>g\u00f3rskiej<br \/>wg reg. GOT<\/td>\n<td>Punkt\u00f3w<br \/>wg reg.<br \/>GOT<\/td>\n<td>Czy<br \/>przodownik<br \/>by\u0142 obecny<\/td>\n<td>Podpis i nr legitymacji<br \/>przodownika turystyki<br \/>g\u00f3rskiej<\/td>\n<\/tr>\n<tr>\n<td>26.05.2014<\/td>\n<td>Nowa Ruda-Krajan\u00f3w-Bogusza-Nowa Ruda<br \/>14km, 400m<\/td>\n<td>S11<\/td>\n<td>18<\/td>\n<td>tak<\/td>\n<td><\/td>\n<\/tr>\n<\/tbody>\n<\/table>\n","protected":false},"excerpt":{"rendered":"<p>W s\u0142oneczno-burzowa sobot\u0119, 26 kwietnia 2014r. na poro\u015bni\u0119te trawa szlaki wok\u00f3\u0142 Nowej Rudy wyruszy\u0142a grupa m\u0142odych cia\u0142em i duchem turyst\u00f3w ze Szko\u0142y Podstawowej im. \u015bw. Wojciecha z W\u0142odowic (pod kierunkiem Witka Telusa), Gimnazjum nr 1 im. Zjednoczonej Europy z Nowej Rudy (pod kierunkiem Anety Telus) oraz Ko\u0142a PTTK im. &#8222;Gwark\u00f3w Noworudzkich&#8221; w Nowej Rudzie (pod [&hellip;]<\/p>\n","protected":false},"author":141,"featured_media":0,"comment_status":"closed","ping_status":"closed","sticky":false,"template":"","format":"standard","meta":{"ngg_post_thumbnail":0,"footnotes":""},"categories":[],"tags":[],"class_list":["post-3334","post","type-post","status-publish","format-standard","hentry"],"_links":{"self":[{"href":"https:\/\/kolo-nowaruda.klodzko.pttk.pl\/index.php\/wp-json\/wp\/v2\/posts\/3334","targetHints":{"allow":["GET"]}}],"collection":[{"href":"https:\/\/kolo-nowaruda.klodzko.pttk.pl\/index.php\/wp-json\/wp\/v2\/posts"}],"about":[{"href":"https:\/\/kolo-nowaruda.klodzko.pttk.pl\/index.php\/wp-json\/wp\/v2\/types\/post"}],"author":[{"embeddable":true,"href":"https:\/\/kolo-nowaruda.klodzko.pttk.pl\/index.php\/wp-json\/wp\/v2\/users\/141"}],"replies":[{"embeddable":true,"href":"https:\/\/kolo-nowaruda.klodzko.pttk.pl\/index.php\/wp-json\/wp\/v2\/comments?post=3334"}],"version-history":[{"count":0,"href":"https:\/\/kolo-nowaruda.klodzko.pttk.pl\/index.php\/wp-json\/wp\/v2\/posts\/3334\/revisions"}],"wp:attachment":[{"href":"https:\/\/kolo-nowaruda.klodzko.pttk.pl\/index.php\/wp-json\/wp\/v2\/media?parent=3334"}],"wp:term":[{"taxonomy":"category","embeddable":true,"href":"https:\/\/kolo-nowaruda.klodzko.pttk.pl\/index.php\/wp-json\/wp\/v2\/categories?post=3334"},{"taxonomy":"post_tag","embeddable":true,"href":"https:\/\/kolo-nowaruda.klodzko.pttk.pl\/index.php\/wp-json\/wp\/v2\/tags?post=3334"}],"curies":[{"name":"wp","href":"https:\/\/api.w.org\/{rel}","templated":true}]}}