{"id":3336,"date":"2014-05-20T00:00:00","date_gmt":"2014-05-19T22:00:00","guid":{"rendered":""},"modified":"-0001-11-30T00:00:00","modified_gmt":"-0001-11-29T22:00:00","slug":"pierwsze-znaki-na-szlaku-trudu-gorniczego","status":"publish","type":"post","link":"https:\/\/kolo-nowaruda.klodzko.pttk.pl\/index.php\/2014\/05\/20\/pierwsze-znaki-na-szlaku-trudu-gorniczego\/","title":{"rendered":"Pierwsze znaki na &#8222;Szlaku Trudu G\u00f3rniczego&#8221;!"},"content":{"rendered":"<p>W dniu 20 maja 2014 roku dwaj cz\u0142onkowie bractwa &#8222;Gwark\u00f3w Noworudzkich&#8221;: Ryszard Ambro\u017cuk i Czes\u0142aw Dominas postanowili zrealizowac cz\u0119\u015bc projektu po\u0142aczenia Prze\u0142\u0119czy woliborskiej z Nowa Ruda poprzez wyznakowanie szlaku turystycznego. Do Prze\u0142\u0119czy Woliborskiej dochodzi szlak koloru czarnego zaprojektowany i zrealizowany przez SKPS z wroc\u0142awia, zaczynajacy si\u0119 w Kamie\u0144cu Zabkowickim, pokazujacym wiele ciekawych obiekt\u00f3w. Inspiratorem przed\u0142u\u017cenia tego szaku do Nowej Rudy jest kolega Witek Telus. Aby przyspieszy\u0107 ten zamiar kolega Ryszard i Czes\u0142aw przystapili do cz\u0119\u015bciowej jego realizacji. Zaprojektowano przebieg szlaku z Prze\u0142\u0119czy Woliborskiej do Przyg\u00f3rza\u00a0 i wyznakowano ten odcinek przyjmujac kolor czarny. Proponowana nazwa tego odcinka to szlak &#8222;Trudu G\u00f3rniczego&#8221;, kt\u00f3ry bedzie \u0142aczy\u0142 dawne kopalnie w Przyg\u00f3rzu i Nowej Rudzie a ko\u0144czy\u0142 si\u0119 b\u0119dzie na stacji kolejowej Nowa Ruda.em>(Nowo wyznakowany odcinek ma d\u0142ugo\u015b\u0107 oko\u0142o 4km, a r\u00f3\u017cnica wysoko\u015bci to oko\u0142o 200m).<br \/>Od dzisiaj mo\u017cna dotrze\u0107 pieszo z Prze\u0142\u0119czy Woliborskiej do Przyg\u00f3rza (lub odwrotnie) nowo wyznakowanym odcinkiem szlaku. Podczas znakowania szlaku, mieszka\u0144cy Przyg\u00f3rza z zainteresowaniem i \u017cyczliwo\u015bcia przyj\u0119li ten fakt. Szlak prowadzi przez pi\u0119kne tereny wzd\u0142u\u017c potoku Piekielnica. Po drodze widzieli\u015bmy muflony z m\u0142odymi spokojnie oddalajace sie na nasz widok.<\/p>\n","protected":false},"excerpt":{"rendered":"<p>W dniu 20 maja 2014 roku dwaj cz\u0142onkowie bractwa &#8222;Gwark\u00f3w Noworudzkich&#8221;: Ryszard Ambro\u017cuk i Czes\u0142aw Dominas postanowili zrealizowac cz\u0119\u015bc projektu po\u0142aczenia Prze\u0142\u0119czy woliborskiej z Nowa Ruda poprzez wyznakowanie szlaku turystycznego. Do Prze\u0142\u0119czy Woliborskiej dochodzi szlak koloru czarnego zaprojektowany i zrealizowany przez SKPS z wroc\u0142awia, zaczynajacy si\u0119 w Kamie\u0144cu Zabkowickim, pokazujacym wiele ciekawych obiekt\u00f3w. Inspiratorem przed\u0142u\u017cenia [&hellip;]<\/p>\n","protected":false},"author":141,"featured_media":0,"comment_status":"closed","ping_status":"closed","sticky":false,"template":"","format":"standard","meta":{"ngg_post_thumbnail":0,"footnotes":""},"categories":[],"tags":[],"class_list":["post-3336","post","type-post","status-publish","format-standard","hentry"],"_links":{"self":[{"href":"https:\/\/kolo-nowaruda.klodzko.pttk.pl\/index.php\/wp-json\/wp\/v2\/posts\/3336","targetHints":{"allow":["GET"]}}],"collection":[{"href":"https:\/\/kolo-nowaruda.klodzko.pttk.pl\/index.php\/wp-json\/wp\/v2\/posts"}],"about":[{"href":"https:\/\/kolo-nowaruda.klodzko.pttk.pl\/index.php\/wp-json\/wp\/v2\/types\/post"}],"author":[{"embeddable":true,"href":"https:\/\/kolo-nowaruda.klodzko.pttk.pl\/index.php\/wp-json\/wp\/v2\/users\/141"}],"replies":[{"embeddable":true,"href":"https:\/\/kolo-nowaruda.klodzko.pttk.pl\/index.php\/wp-json\/wp\/v2\/comments?post=3336"}],"version-history":[{"count":0,"href":"https:\/\/kolo-nowaruda.klodzko.pttk.pl\/index.php\/wp-json\/wp\/v2\/posts\/3336\/revisions"}],"wp:attachment":[{"href":"https:\/\/kolo-nowaruda.klodzko.pttk.pl\/index.php\/wp-json\/wp\/v2\/media?parent=3336"}],"wp:term":[{"taxonomy":"category","embeddable":true,"href":"https:\/\/kolo-nowaruda.klodzko.pttk.pl\/index.php\/wp-json\/wp\/v2\/categories?post=3336"},{"taxonomy":"post_tag","embeddable":true,"href":"https:\/\/kolo-nowaruda.klodzko.pttk.pl\/index.php\/wp-json\/wp\/v2\/tags?post=3336"}],"curies":[{"name":"wp","href":"https:\/\/api.w.org\/{rel}","templated":true}]}}