{"id":3344,"date":"2014-09-14T00:00:00","date_gmt":"2014-09-13T22:00:00","guid":{"rendered":""},"modified":"-0001-11-30T00:00:00","modified_gmt":"-0001-11-29T22:00:00","slug":"pierwsze-ruchy-w-gorach-suchych","status":"publish","type":"post","link":"https:\/\/kolo-nowaruda.klodzko.pttk.pl\/index.php\/2014\/09\/14\/pierwsze-ruchy-w-gorach-suchych\/","title":{"rendered":"Pierwsze ruchy w G\u00f3rach Suchych"},"content":{"rendered":"<p>Niedziela, 14 wrze\u015bnia 2014 roku to bardzo wa\u017cna data w historii turystycznej wsp\u00f3\u0142pracy noworudzkiego Ko\u0142a PTTK im. &#8222;Gwark\u00f3w Noworudzkich&#8221; z broumovska grupa turystyczna KCT TJ &#8222;Slovan&#8221;. W ramach mikroprojektu &#8222;Rozwijamy Ziemi\u0119 Noworudzko-Broumovska&#8221; na nowy, polsko-czeski szlak transgraniczny ruszy\u0142a 40-osobowa grupa czeskich i polskich turyst\u00f3w.<\/p>\n<p>Autokar przywi\u00f3z\u0142 nas na spotkanie z czeskimi przyjaci\u00f3\u0142mi do Broumova, skad wsp\u00f3lnie wyjechali\u015bmy do pobliskiej wsi Sonov. Przyczyna zmiany trasy by\u0142a po pierwsze nocna ulewa, kt\u00f3ra zamieni\u0142a polne drogi wok\u00f3\u0142 Broumova w bagniste trz\u0119sawiska, a po drugie zniszczenie mostu na Czarnym Potoku, kt\u00f3ry p\u0142ynie mi\u0119dzy Broumovem a Sonovem.<br \/>W\u0119dr\u00f3wka zacz\u0119\u0142a si\u0119 zatem w centrum Sonova, gdzie ca\u0142a 40-osobowa grupa zrobi\u0142a sobie pamiatkowe zdj\u0119cie. A potem kolega Jiri Kopecky wcieli\u0142 si\u0119 w rol\u0119 przewodnika i poprowadzi\u0142 nas w kierunku G\u00f3r Suchych, kt\u00f3re Czesi nazywaja &#8222;Javori Hory&#8221;. W\u0119drowali\u015bmy najpierw polami, dowiadujac si\u0119 dlaczego dzik jest dziki, a nast\u0119pnie nieco nazbyt b\u0142otnista droga le\u015bna przez obsypane zio\u0142ami \u0142aki. Ciekawostka na trasie by\u0142y okaza\u0142e czubajki kanie, zwane &#8222;sowami&#8221;, kt\u00f3re starannie wyzbierali nasi amatorzy grzybobrania. Na podle\u015bnej \u0142ace trafili\u015bmy tak\u017ce na m\u0142ode owocniki purchawicy olbrzymiej &#8211; grzyba, kt\u00f3rego forma dojrza\u0142a mo\u017ce mie\u0107 i do 10 kg masy! Podobno jadalne, ale sa pod \u015bcis\u0142a ochrona, wi\u0119c pozostawili\u015bmy je w spokoju. Na pocieszenie grupa &#8222;kosi\u0142a&#8221; obficie wyrastajace opie\u0144ki miodowe.<br \/>Tak w\u0119drujac w\u015br\u00f3d drzew i grzyb\u00f3w osiagn\u0119li\u015bmy pierwszy wa\u017cny punkt na trasie &#8211; unikatowe zjawisko geologiczne na g\u00f3rze Homole. Miejsce to nazywa si\u0119 &#8222;Sopka&#8221; i jest tzw. wentarola albo szczelina wiatrowa. Cyrkulujace powietrze wywo\u0142uje ciekawe zjawiska. Tu\u017c po pierwszych przymrozkach mo\u017cna zaobserwowa\u0107 wydobywajace si\u0119 stamtad k\u0142\u0119by mg\u0142y, co przypomina dymiacy krater wulkaniczny. Jak wyja\u015bni\u0142 Jiri Kopecky &#8211; to efekt historii tych g\u00f3r, kt\u00f3re maja pochodzenie wulkaniczne i pe\u0142no w nich zerodowanych komin\u00f3w i zwietrza\u0142ych krater\u00f3w.<br \/>Po wizycie na Sopce zeszli\u015bmy w kierunku le\u015bnej drogi, kt\u00f3ra doprowadzi\u0142a nas do granicy pa\u0144stw. Na granicy kolejna pamiatkowa fotografia i dalej w drog\u0119 &#8211; szlakiem niebieskim. Tym razem przewodnikiem sta\u0142 si\u0119 kol. Czes\u0142aw Dominas, nb. wsp\u00f3\u0142autor koncepcji przebiegu i oznakowania szlaku.<br \/>Szlak niebieski dzi\u0119ki zaanga\u017cowaniu s\u0142u\u017cb le\u015bnych i w\u0142adz samorzadowych zosta\u0142 starannie oczyszczony, dzi\u0119ki czemu w\u0119dr\u00f3wka by\u0142a prawdziwa przyjemno\u015bcia. Nie zabrak\u0142o nawet niespodzianki ze strony w\u0142adz Gminy Nowa Ruda &#8211; na trasie szlaku zbudowano solidny most nad Marcowskim Potokiem, zast\u0119pujac istniejaca tam tymczasowa drewniana k\u0142adk\u0119.<br \/>We W\u0142odowicach kr\u00f3ciuta przerwa i w drog\u0119 &#8211; w g\u00f3r\u0119, zboczem Kr\u0119pca. Potem przez las, a\u017c do skrzy\u017cowania z planowanym Szlakiem \u015awi\u0119toja\u0144skim. Przy zej\u015bciu w d\u00f3\u0142 niemi\u0142a niespodzianka ze strony lesnych dzik\u00f3w &#8211; ca\u0142a trasa od kraw\u0119dzi lasu a\u017c do ogr\u00f3dk\u00f3w dzia\u0142kowych by\u0142a starannie i systematycznie zryta. Ciekawe co tak smakuje tym dzikom?<br \/>Ko\u0144cowe metry szlaku to ju\u017c Nowa Ruda i doj\u015bcie do stacji kolejowej. Tu kolejne wsp\u00f3lne zdj\u0119cie przy sybolicznej niebiesko-bia\u0142ej &#8222;kropce&#8221; i wreszcie pora na obiad. W restauracji &#8222;Rycerska&#8221; ugoszczono nas roso\u0142em i pysznym kotletem drobiowym. Plus s\u0142odkie ciasto, kawa, herbata i inne napoje. Dzi\u0119kujemy!<br \/>Nasi go\u015bcie wr\u00f3cili do Broumova autokarem.<br \/>Sadz\u0119, \u017ce jesienny rajd na tej trasie warto powt\u00f3rzy\u0107 w przysz\u0142ym roku. Mo\u017ce &#8222;polsko-czeskie w\u0119drowanie&#8221; wejdzie na sta\u0142e do kalendarium naszych imprez?<\/p>\n","protected":false},"excerpt":{"rendered":"<p>Niedziela, 14 wrze\u015bnia 2014 roku to bardzo wa\u017cna data w historii turystycznej wsp\u00f3\u0142pracy noworudzkiego Ko\u0142a PTTK im. &#8222;Gwark\u00f3w Noworudzkich&#8221; z broumovska grupa turystyczna KCT TJ &#8222;Slovan&#8221;. W ramach mikroprojektu &#8222;Rozwijamy Ziemi\u0119 Noworudzko-Broumovska&#8221; na nowy, polsko-czeski szlak transgraniczny ruszy\u0142a 40-osobowa grupa czeskich i polskich turyst\u00f3w. Autokar przywi\u00f3z\u0142 nas na spotkanie z czeskimi przyjaci\u00f3\u0142mi do Broumova, skad [&hellip;]<\/p>\n","protected":false},"author":141,"featured_media":0,"comment_status":"closed","ping_status":"closed","sticky":false,"template":"","format":"standard","meta":{"ngg_post_thumbnail":0,"footnotes":""},"categories":[],"tags":[],"class_list":["post-3344","post","type-post","status-publish","format-standard","hentry"],"_links":{"self":[{"href":"https:\/\/kolo-nowaruda.klodzko.pttk.pl\/index.php\/wp-json\/wp\/v2\/posts\/3344","targetHints":{"allow":["GET"]}}],"collection":[{"href":"https:\/\/kolo-nowaruda.klodzko.pttk.pl\/index.php\/wp-json\/wp\/v2\/posts"}],"about":[{"href":"https:\/\/kolo-nowaruda.klodzko.pttk.pl\/index.php\/wp-json\/wp\/v2\/types\/post"}],"author":[{"embeddable":true,"href":"https:\/\/kolo-nowaruda.klodzko.pttk.pl\/index.php\/wp-json\/wp\/v2\/users\/141"}],"replies":[{"embeddable":true,"href":"https:\/\/kolo-nowaruda.klodzko.pttk.pl\/index.php\/wp-json\/wp\/v2\/comments?post=3344"}],"version-history":[{"count":0,"href":"https:\/\/kolo-nowaruda.klodzko.pttk.pl\/index.php\/wp-json\/wp\/v2\/posts\/3344\/revisions"}],"wp:attachment":[{"href":"https:\/\/kolo-nowaruda.klodzko.pttk.pl\/index.php\/wp-json\/wp\/v2\/media?parent=3344"}],"wp:term":[{"taxonomy":"category","embeddable":true,"href":"https:\/\/kolo-nowaruda.klodzko.pttk.pl\/index.php\/wp-json\/wp\/v2\/categories?post=3344"},{"taxonomy":"post_tag","embeddable":true,"href":"https:\/\/kolo-nowaruda.klodzko.pttk.pl\/index.php\/wp-json\/wp\/v2\/tags?post=3344"}],"curies":[{"name":"wp","href":"https:\/\/api.w.org\/{rel}","templated":true}]}}