{"id":3345,"date":"2014-09-20T00:00:00","date_gmt":"2014-09-19T22:00:00","guid":{"rendered":""},"modified":"-0001-11-30T00:00:00","modified_gmt":"-0001-11-29T22:00:00","slug":"turysci-z-wlodowic-zaczynaja-sezon-jezienny","status":"publish","type":"post","link":"https:\/\/kolo-nowaruda.klodzko.pttk.pl\/index.php\/2014\/09\/20\/turysci-z-wlodowic-zaczynaja-sezon-jezienny\/","title":{"rendered":"Tury\u015bci z W\u0142odowic zaczynaja sezon jezienny"},"content":{"rendered":"<p>W sobot\u0119, 20 wrze\u015bnia 2014r. grupa m\u0142odych adept\u00f3w turystyki z Gimnazjum we W\u0142odowicach pod kierunkiem Witolda Telusa wyruszy\u0142a na pierwszy w tym roku szkolnym rajd.<\/p>\n<p>Na starcie, o godzinie 9:30 zg\u0142osi\u0142o si\u0119 10 ch\u0119tnych os\u00f3b, a o godzinie 10:00 przy budynku szkolnym do\u0142aczy\u0142o jeszcze czterech turyst\u00f3w.<br \/>Pierwsze kroki to nowo wyznakowany szlak niebieski &#8211; przy ko\u015bciele \u015bw. Piotra Kanizjusza, potem stromo w g\u00f3r\u0119, w kierunku linii kolejowej. Po nocnych, intensywnych opadach deszczu trawa by\u0142a bardzo mokra, wi\u0119c nieco \u015blizgali\u015bmy si\u0119 po stoku. Dalsza droga prowadzi\u0142a pod mostem kolejowym i zn\u00f3w w g\u00f3r\u0119, wzd\u0142u\u017c kraw\u0119dzi lasu na Kr\u0119pcu. Pierwszy post\u00f3j to rozdro\u017ce przy zwalonym pniu drzewa. Tutaj po\u017cegnali\u015bmy szlak niebieski i pow\u0119drowali\u015bmy dalej nieoznakowana droga w kierunku tzw. &#8222;Doliny Mumink\u00f3w&#8221; i wzd\u0142u\u017c kraw\u0119dzi lasu w kierunku rancza &#8222;Overo&#8221;. Nasi m\u0142odzi tury\u015bci &#8222;poszaleli&#8221; po lesie i wynale\u017ali ca\u0142e gar\u015bcie podgrzybk\u00f3w, ma\u015blak\u00f3w i ko\u017alarzy. Sezon grzybowy zatem &#8211; w pe\u0142ni!<br \/>Przy kaplicy \u015bw. Anny spotkali\u015bmy pierwsza grup\u0119 sobotnich w\u0119drowc\u00f3w, kt\u00f3rzy zapalili ognisko przy drodze. My jednak poszli\u015bmy dalej, w kierunku odremontowanej wie\u017cy widokowej (5 pa\u017adziernika otwarcie!), a\u017c do drewnianej wiaty pod wie\u017ca. Dzi\u0119ki pomocy grupy nauczycielskiej z Drogos\u0142awia uda\u0142o si\u0119 rozpali\u0107 ognisko i upiec przygotowane kie\u0142baski. Dzi\u0119kujemy!<br \/>W drog\u0119 powrotna wyruszyli\u015bmy oko\u0142o godziny 14:00, asfaltowa droga w stron\u0119 centrum Nowej Rudy. Nasi grzybiarze nawet i tu znale\u017ali wspania\u0142e okazy ko\u017alarzy. Szczeg\u00f3lne gratulacje dla Huberta &#8211; determinacja, z jaka walczy\u0142 o grzyby z przeciwno\u015bciami przyrody by\u0142a naprawd\u0119 godna podziwu.<br \/>Rajd zako\u0144czyli\u015bmy o 14:30 na parkingu obok MOK-u.<br \/>Dzi\u0119kuj\u0119 wszystkim uczestnikom za inauguracyjny wypad i ju\u017c zapraszam na kolejne wyprawy.<\/p>\n<p>Witek Telus<\/p>\n","protected":false},"excerpt":{"rendered":"<p>W sobot\u0119, 20 wrze\u015bnia 2014r. grupa m\u0142odych adept\u00f3w turystyki z Gimnazjum we W\u0142odowicach pod kierunkiem Witolda Telusa wyruszy\u0142a na pierwszy w tym roku szkolnym rajd. Na starcie, o godzinie 9:30 zg\u0142osi\u0142o si\u0119 10 ch\u0119tnych os\u00f3b, a o godzinie 10:00 przy budynku szkolnym do\u0142aczy\u0142o jeszcze czterech turyst\u00f3w.Pierwsze kroki to nowo wyznakowany szlak niebieski &#8211; przy ko\u015bciele [&hellip;]<\/p>\n","protected":false},"author":141,"featured_media":0,"comment_status":"closed","ping_status":"closed","sticky":false,"template":"","format":"standard","meta":{"ngg_post_thumbnail":0,"footnotes":""},"categories":[],"tags":[],"class_list":["post-3345","post","type-post","status-publish","format-standard","hentry"],"_links":{"self":[{"href":"https:\/\/kolo-nowaruda.klodzko.pttk.pl\/index.php\/wp-json\/wp\/v2\/posts\/3345","targetHints":{"allow":["GET"]}}],"collection":[{"href":"https:\/\/kolo-nowaruda.klodzko.pttk.pl\/index.php\/wp-json\/wp\/v2\/posts"}],"about":[{"href":"https:\/\/kolo-nowaruda.klodzko.pttk.pl\/index.php\/wp-json\/wp\/v2\/types\/post"}],"author":[{"embeddable":true,"href":"https:\/\/kolo-nowaruda.klodzko.pttk.pl\/index.php\/wp-json\/wp\/v2\/users\/141"}],"replies":[{"embeddable":true,"href":"https:\/\/kolo-nowaruda.klodzko.pttk.pl\/index.php\/wp-json\/wp\/v2\/comments?post=3345"}],"version-history":[{"count":0,"href":"https:\/\/kolo-nowaruda.klodzko.pttk.pl\/index.php\/wp-json\/wp\/v2\/posts\/3345\/revisions"}],"wp:attachment":[{"href":"https:\/\/kolo-nowaruda.klodzko.pttk.pl\/index.php\/wp-json\/wp\/v2\/media?parent=3345"}],"wp:term":[{"taxonomy":"category","embeddable":true,"href":"https:\/\/kolo-nowaruda.klodzko.pttk.pl\/index.php\/wp-json\/wp\/v2\/categories?post=3345"},{"taxonomy":"post_tag","embeddable":true,"href":"https:\/\/kolo-nowaruda.klodzko.pttk.pl\/index.php\/wp-json\/wp\/v2\/tags?post=3345"}],"curies":[{"name":"wp","href":"https:\/\/api.w.org\/{rel}","templated":true}]}}