{"id":3346,"date":"2014-09-20T00:00:00","date_gmt":"2014-09-19T22:00:00","guid":{"rendered":""},"modified":"-0001-11-30T00:00:00","modified_gmt":"-0001-11-29T22:00:00","slug":"bledne-gory-stolowe","status":"publish","type":"post","link":"https:\/\/kolo-nowaruda.klodzko.pttk.pl\/index.php\/2014\/09\/20\/bledne-gory-stolowe\/","title":{"rendered":"B\u0142\u0119dne G\u00f3ry Sto\u0142owe"},"content":{"rendered":"<p>20-09 ko\u0142o turystyczne Szko\u0142y Podstawowej nr 3 pod kierunkiem Izy Muler i Karola Maliszewskiego wraz z grupa PTTK Gwark\u00f3w Noworudzkich (razem 33 osoby)wyruszy\u0142a odkrywa\u0107 uroki G\u00f3r Sto\u0142owych.<\/p>\n<p>W tras\u0119 ruszyli\u015bmy spod Kudowy Zdr\u00f3j,skad przez Jakubowice udali\u015bmy si\u0119 do Pstra\u017cnej,zwiedza\u0107 Skanen Pstra\u017cna czyli Muzeum Kultury Ludowej Podg\u00f3rza Sudeckiego.<br \/>Nast\u0119pnym punktem by\u0142a pobliska sma\u017calnia pstrag\u00f3w,jednak w\u015br\u00f3d m\u0142odzie\u017cy w menu kr\u00f3lowa\u0142y frytki.Tradycyjny konkurs wiedzy turystycznej wygrali Marcel Hula i Kamil Biniek 10 pkt.<br \/>Na boisku,obok ciekawego ewangielickiego ko\u015bcio\u0142a,odby\u0142 si\u0119 zaci\u0119ty mecz pi\u0142ki no\u017cnej zako\u0144czony remisem 3:3.Zadowoleni pi\u0142karze i kibice ruszyli w dalsza tras\u0119 zdobywa\u0107 urokliwe i tajemnicze B\u0142\u0119dne Ska\u0142y.Labirynty,skalne figury,ciasne przej\u015bcia wszyscy przeszli ,,bez problemu&#8221;.Jeszcze min\u0119li\u015bmy Ostra G\u00f3r\u0119,skad skierowali\u015bmy si\u0119 do Pasterki,mety naszego rajdu.<\/p>\n<p>Du\u017ca grupa m\u0142odych turyst\u00f3w pierwszy raz bra\u0142a udzia\u0142 w rajdzie i nale\u017cy ich pochwali\u0107 za zdyscyplinowanie i aktywny udzia\u0142 w wycieczce.Dzi\u0119kujemy i zapraszamy na nast\u0119pne rajdy.<\/p>\n<p><em>(zdj\u0119cia i relacj\u0119 przygotowa\u0142 kol. Edward Lada)<\/em><\/p>\n<p><strong>Wz\u00f3r wype\u0142nienia ksia\u017ceczki GOT:<\/strong><\/p>\n<table border=\"0\" frame=\"box\" rules=\"all\">\n<tbody>\n<tr>\n<td>\n<p>Data<br \/>odbycia<br \/>wycieczki<\/p>\n<\/td>\n<td>Trasa wycieczki<\/td>\n<td>Nr grupy<br \/>g\u00f3rskiej<br \/>wg reg. GOT<\/td>\n<td>Punkt\u00f3w<br \/>wg reg.<br \/>GOT<\/td>\n<td>Czy<br \/>przodownik<br \/>by\u0142 obecny<\/td>\n<td>Podpis i nr legitymacji<br \/>przodownika turystyki<br \/>g\u00f3rskiej<\/td>\n<\/tr>\n<tr>\n<td>20.09.2014<\/td>\n<td>Kudowa Zdr\u00f3j-Jakubowice<\/td>\n<td>S13<\/td>\n<td>5<\/td>\n<td>nie<\/td>\n<td><\/td>\n<\/tr>\n<tr>\n<td>20.09.2014<\/td>\n<td>Jakubowice-Pstra\u017cna skansen<\/td>\n<td>S13<\/td>\n<td>4<\/td>\n<td>nie<\/td>\n<td><\/td>\n<\/tr>\n<\/tbody>\n<tbody>\n<tr>\n<td>20.09.2014<\/td>\n<td>Pstra\u017cna skansen-Bukowina K\u0142.<\/td>\n<td>S13<\/td>\n<td>2<\/td>\n<td>nie<\/td>\n<td><\/td>\n<\/tr>\n<tr>\n<td>20.09.2014<\/td>\n<td>Bukowina K\u0142.-B\u0142\u0119dne Ska\u0142y<\/td>\n<td>S13<\/td>\n<td>3<\/td>\n<td>nie<\/td>\n<td><\/td>\n<\/tr>\n<tr>\n<td>20.09.2014<\/td>\n<td>B\u0142\u0119dne Ska\u0142y-Ostra G\u00f3ra<\/td>\n<td>S13<\/td>\n<td>3<\/td>\n<td>nie<\/td>\n<td><\/td>\n<\/tr>\n<tr>\n<td>20.09.2014<\/td>\n<td>Ostra G\u00f3ra-Pasterka<\/td>\n<td>S13<\/td>\n<td>4<\/td>\n<td>nie<\/td>\n<td><\/td>\n<\/tr>\n<\/tbody>\n<\/table>\n","protected":false},"excerpt":{"rendered":"<p>20-09 ko\u0142o turystyczne Szko\u0142y Podstawowej nr 3 pod kierunkiem Izy Muler i Karola Maliszewskiego wraz z grupa PTTK Gwark\u00f3w Noworudzkich (razem 33 osoby)wyruszy\u0142a odkrywa\u0107 uroki G\u00f3r Sto\u0142owych. W tras\u0119 ruszyli\u015bmy spod Kudowy Zdr\u00f3j,skad przez Jakubowice udali\u015bmy si\u0119 do Pstra\u017cnej,zwiedza\u0107 Skanen Pstra\u017cna czyli Muzeum Kultury Ludowej Podg\u00f3rza Sudeckiego.Nast\u0119pnym punktem by\u0142a pobliska sma\u017calnia pstrag\u00f3w,jednak w\u015br\u00f3d m\u0142odzie\u017cy w [&hellip;]<\/p>\n","protected":false},"author":141,"featured_media":0,"comment_status":"closed","ping_status":"closed","sticky":false,"template":"","format":"standard","meta":{"ngg_post_thumbnail":0,"footnotes":""},"categories":[],"tags":[],"class_list":["post-3346","post","type-post","status-publish","format-standard","hentry"],"_links":{"self":[{"href":"https:\/\/kolo-nowaruda.klodzko.pttk.pl\/index.php\/wp-json\/wp\/v2\/posts\/3346","targetHints":{"allow":["GET"]}}],"collection":[{"href":"https:\/\/kolo-nowaruda.klodzko.pttk.pl\/index.php\/wp-json\/wp\/v2\/posts"}],"about":[{"href":"https:\/\/kolo-nowaruda.klodzko.pttk.pl\/index.php\/wp-json\/wp\/v2\/types\/post"}],"author":[{"embeddable":true,"href":"https:\/\/kolo-nowaruda.klodzko.pttk.pl\/index.php\/wp-json\/wp\/v2\/users\/141"}],"replies":[{"embeddable":true,"href":"https:\/\/kolo-nowaruda.klodzko.pttk.pl\/index.php\/wp-json\/wp\/v2\/comments?post=3346"}],"version-history":[{"count":0,"href":"https:\/\/kolo-nowaruda.klodzko.pttk.pl\/index.php\/wp-json\/wp\/v2\/posts\/3346\/revisions"}],"wp:attachment":[{"href":"https:\/\/kolo-nowaruda.klodzko.pttk.pl\/index.php\/wp-json\/wp\/v2\/media?parent=3346"}],"wp:term":[{"taxonomy":"category","embeddable":true,"href":"https:\/\/kolo-nowaruda.klodzko.pttk.pl\/index.php\/wp-json\/wp\/v2\/categories?post=3346"},{"taxonomy":"post_tag","embeddable":true,"href":"https:\/\/kolo-nowaruda.klodzko.pttk.pl\/index.php\/wp-json\/wp\/v2\/tags?post=3346"}],"curies":[{"name":"wp","href":"https:\/\/api.w.org\/{rel}","templated":true}]}}