{"id":3347,"date":"2014-09-27T00:00:00","date_gmt":"2014-09-26T22:00:00","guid":{"rendered":""},"modified":"-0001-11-30T00:00:00","modified_gmt":"-0001-11-29T22:00:00","slug":"rozwijamy-ziemie-noworudzko-broumovska-jesien-na-granicy","status":"publish","type":"post","link":"https:\/\/kolo-nowaruda.klodzko.pttk.pl\/index.php\/2014\/09\/27\/rozwijamy-ziemie-noworudzko-broumovska-jesien-na-granicy\/","title":{"rendered":"Rozwijamy Ziemi\u0119 Noworudzko-Broumovska. Jesie\u0144 na granicy"},"content":{"rendered":"<p>W miniona sobot\u0119 (27 wrze\u015bnia), &#8222;Gwarki Noworudzkie&#8221; wzmocnione turystyczna grupa Noworudzkiego UTW, wraz z Klubem Czeskich Turyst\u00f3w TJ &#8222;Slovan&#8221; z Broumova, spotkaly si\u0119 na kolejnej wsp\u00f3lnej wyprawie (w ramach polsko-czeskiej wsp\u00f3\u0142pracy transgranicznej).<\/p>\n<p>Ca\u0142a zgodna grup\u0119 prowadzi\u0142 Przodownik Turystyki G\u00f3rskiej, kolega Czes\u0142aw Dominas. Chocia\u017c pogoda, ogl\u0119dnie m\u00f3wiac by\u0142a byle jaka, nikt nawet okiem nie mrugna\u0142, kiedy w \u015awierkach wysiadali\u015bmy z ciep\u0142ego i suchego autobusu, a &#8222;startowe&#8221; zdj\u0119cie na &#8222;turistickim rozcesti&#8221; pokazuje same u\u015bmiechni\u0119te twarze. Nowo wytyczony \u017c\u00f3\u0142ty szlak prowadzi\u0142 nas do granicy. Przeszli\u015bmy przez \u015awierki mijajac po drodze ko\u015bci\u00f3\u0142ek (zamkni\u0119ty niestety, wi\u0119c nie da\u0142o si\u0119 zajrze\u0107), a potem przez przysi\u00f3\u0142ek Granicznik &#8211; dawna wie\u015b liczaca kiedy\u015b ok.130 mieszka\u0144c\u00f3w, z ruinami barokowej kaplicy. Kiedy solidnie ub\u0142oceni dotarli\u015bmy do granicy, za\u015bwieci\u0142o s\u0142o\u0144ce. Post\u00f3j na drugie \u015bniadanie i czescy koledzy poprowadzili nas sobie tylko znanymi \u015bcie\u017ckami a\u017c do niebieskiego szlaku. Niebawem schodzili\u015bmy do Sonova, zwiedzajac po drodze kamienio\u0142om i na chwil\u0119 zatrzymujac si\u0119 przy dawnym dworku, czy mo\u017ce raczej du\u017cym folwarku, z pi\u0119kna p\u0142askorze\u017aba koronacji Matki Bo\u017cej. Dalej szlak przebiega\u0142 polnymi drogami z szerokimi widokami na pobliskie g\u00f3ry i Broumov. Poniewa\u017c przy drodze stoi wiele krzy\u017cy i pomnik\u00f3w \u015bwi\u0119tych (a nawet ca\u0142kiem wsp\u00f3\u0142czesny pomnik \u015bw. Sebastiana), mo\u017cna domniemywa\u0107 i\u017c to dawny szlak patniczy, prowadzacy do broumovskiego klasztoru. Jeszcze spacer po Broumovie, rzut oka na klasztor i mocno zabytkowy drewniany ko\u015bci\u00f3\u0142ek (najstarszy w Czechach) i zasiedli\u015bmy do obiadu w pobliskiej restauracyjce. Dania czeskiej kuchni &#8211; ros\u00f3\u0142 z mi\u0119snymi kluseczkami, oczywi\u015bcie knedlik z gulaszem i piwo zako\u0144czy\u0142y bardzo mi\u0142y, wsp\u00f3lny dzie\u0144.<\/p>\n<p style=\"text-align: right;\"><em>Anna Szczepan<\/em><\/p>\n","protected":false},"excerpt":{"rendered":"<p>W miniona sobot\u0119 (27 wrze\u015bnia), &#8222;Gwarki Noworudzkie&#8221; wzmocnione turystyczna grupa Noworudzkiego UTW, wraz z Klubem Czeskich Turyst\u00f3w TJ &#8222;Slovan&#8221; z Broumova, spotkaly si\u0119 na kolejnej wsp\u00f3lnej wyprawie (w ramach polsko-czeskiej wsp\u00f3\u0142pracy transgranicznej). Ca\u0142a zgodna grup\u0119 prowadzi\u0142 Przodownik Turystyki G\u00f3rskiej, kolega Czes\u0142aw Dominas. Chocia\u017c pogoda, ogl\u0119dnie m\u00f3wiac by\u0142a byle jaka, nikt nawet okiem nie mrugna\u0142, kiedy [&hellip;]<\/p>\n","protected":false},"author":141,"featured_media":0,"comment_status":"closed","ping_status":"closed","sticky":false,"template":"","format":"standard","meta":{"ngg_post_thumbnail":0,"footnotes":""},"categories":[],"tags":[],"class_list":["post-3347","post","type-post","status-publish","format-standard","hentry"],"_links":{"self":[{"href":"https:\/\/kolo-nowaruda.klodzko.pttk.pl\/index.php\/wp-json\/wp\/v2\/posts\/3347","targetHints":{"allow":["GET"]}}],"collection":[{"href":"https:\/\/kolo-nowaruda.klodzko.pttk.pl\/index.php\/wp-json\/wp\/v2\/posts"}],"about":[{"href":"https:\/\/kolo-nowaruda.klodzko.pttk.pl\/index.php\/wp-json\/wp\/v2\/types\/post"}],"author":[{"embeddable":true,"href":"https:\/\/kolo-nowaruda.klodzko.pttk.pl\/index.php\/wp-json\/wp\/v2\/users\/141"}],"replies":[{"embeddable":true,"href":"https:\/\/kolo-nowaruda.klodzko.pttk.pl\/index.php\/wp-json\/wp\/v2\/comments?post=3347"}],"version-history":[{"count":0,"href":"https:\/\/kolo-nowaruda.klodzko.pttk.pl\/index.php\/wp-json\/wp\/v2\/posts\/3347\/revisions"}],"wp:attachment":[{"href":"https:\/\/kolo-nowaruda.klodzko.pttk.pl\/index.php\/wp-json\/wp\/v2\/media?parent=3347"}],"wp:term":[{"taxonomy":"category","embeddable":true,"href":"https:\/\/kolo-nowaruda.klodzko.pttk.pl\/index.php\/wp-json\/wp\/v2\/categories?post=3347"},{"taxonomy":"post_tag","embeddable":true,"href":"https:\/\/kolo-nowaruda.klodzko.pttk.pl\/index.php\/wp-json\/wp\/v2\/tags?post=3347"}],"curies":[{"name":"wp","href":"https:\/\/api.w.org\/{rel}","templated":true}]}}