{"id":3348,"date":"2014-09-28T00:00:00","date_gmt":"2014-09-27T22:00:00","guid":{"rendered":""},"modified":"-0001-11-30T00:00:00","modified_gmt":"-0001-11-29T22:00:00","slug":"jesienne-maliny-czyli-z-wizyta-na-wielkiej-sowie","status":"publish","type":"post","link":"https:\/\/kolo-nowaruda.klodzko.pttk.pl\/index.php\/2014\/09\/28\/jesienne-maliny-czyli-z-wizyta-na-wielkiej-sowie\/","title":{"rendered":"Jesienne Maliny, czyli z wizyta na Wielkiej Sowie"},"content":{"rendered":"<p>S\u0142oneczna, acz nieco ch\u0142odna niedziela 28 wrze\u015bnia 2014r. to dzie\u0144, w kt\u00f3rym spotkali si\u0119 dolno\u015blascy tury\u015bci na szczycie Wielkiej Sowy. Organizatorami Zlotu byli cz\u0142onkowie Komisji Turystyki G\u00f3rskiej z Oddzia\u0142u PTTK w Wa\u0142brzychu. Grup\u0119 turystyczna z Nowej Rudy poprowadzi\u0142 kol. Czes\u0142aw Dominas.<\/p>\n<p>W\u0119dr\u00f3wk\u0119 rozpocz\u0119li\u015bmy na Prze\u0142\u0119czy Jugowskiej, gdzie dowiedzieli\u015bmy si\u0119 kto i kiedy ustawi\u0142 znajdujacy si\u0119 tam stalowy krzy\u017c na piaskowcowym postumencie. Dalsza trasa (przynajmniej dla wi\u0119kszo\u015bci z nas) wiod\u0142a nowo przygotowana trasa rowerowo-narciarska, zboczami Koziej R\u00f3wni w kierunku prze\u0142\u0119czy Kozie Siod\u0142o. Tam post\u00f3j i odpoczynek. No i szukanie Maliny&#8230;<\/p>\n<p>Dalsza trasa to szlak czerwony i nietrudne podej\u015bcie na szczyt Wielkiej Sowy. O ile nie liczy\u0107 wszechobecnych mokrade\u0142&#8230; Niemniej jednak pod wie\u017c\u0119 widokowa dotarli\u015bmy o czasie i spokojnie przygotowali\u015bmy si\u0119 do g\u0142\u00f3wnej imprezy. Stopniowo pod wie\u017c\u0119 schodzi\u0142y si\u0119 kolejne grupy turystyczne &#8211; z Dzier\u017coniowa, Wa\u0142brzycha, K\u0142odzka, Nowej Rudy i innych miejscowo\u015bci. Tak &#8222;na oko&#8221; by\u0142o nas tam ze dwie setki.<\/p>\n<p>G\u0142\u00f3wna cz\u0119\u015b\u0107 uroczysto\u015bci zlotowych rozpocz\u0119\u0142a si\u0119 o godzinie 14:00 przem\u00f3wieniem kol. Jacka Pielicha z wa\u0142brzyskiego Oddzia\u0142u PTTK. Dwaj cz\u0142onkowie ko\u0142a noworudzkich &#8222;gwark\u00f3w&#8221; otrzymali d\u0142ugo oczekiwane legitymacje o odznaki &#8222;Znakarza Szlak\u00f3w PTTK&#8221;. W szeregi braci malarskiej wstapili Czes\u0142aw Dominas i Witold Telus.<\/p>\n<p>Wielu z uczestnik\u00f3w zaopatrzy\u0142o si\u0119 w nowa ksia\u017ceczk\u0119 &#8222;Znam G\u00f3ry Sowie&#8221;, zatem (zgodnie z sugestia kierownika wycieczki) po upieczeniu kie\u0142basek wyruszyli\u015bmy na pierwsze punkty kontrolne &#8211; szczyt Ma\u0142ej Sowy i schroniska &#8222;Sowa&#8221; i &#8222;Orze\u0142&#8221;. Po doliczeniu &#8222;Wielkiej Sowy&#8221; mamy ju\u017c 4 punkty zaliczone. Mieli\u015bmy jeszcze nadziej\u0119 na &#8222;Zygmunt\u00f3wk\u0119&#8221; i &#8222;Bukowa Chat\u0119&#8221;, ale czas by\u0142 ju\u017c p\u00f3\u017any i nadesz\u0142a pora powrotu. Oba schroniska musza zaczeka\u0107 na inna okazj\u0119.<\/p>\n<p>Wkr\u00f3tce nasze kolejne wycieczki &#8211; razem z macierzystym Oddzia\u0142em w K\u0142odzku na &#8222;Kartofelka&#8221; 4 pa\u017adziernika i 5 pa\u017adziernika na rajd &#8222;Dwie Wie\u017ce&#8221; z okazji otwarcia wie\u017cy widokowej na G\u00f3rze \u015bw. Anny.<\/p>\n<p><strong>Wz\u00f3r wype\u0142nienia ksia\u017ceczki GOT:<\/strong><\/p>\n<table border=\"0\" frame=\"box\" rules=\"all\">\n<tbody>\n<tr>\n<td>\n<p>Data<br \/>odbycia<br \/>wycieczki<\/p>\n<\/td>\n<td>Trasa wycieczki<\/td>\n<td>Nr grupy<br \/>g\u00f3rskiej<br \/>wg reg. GOT<\/td>\n<td>Punkt\u00f3w<br \/>wg reg.<br \/>GOT<\/td>\n<td>Czy<br \/>przodownik<br \/>by\u0142 obecny<\/td>\n<td>Podpis i nr legitymacji<br \/>przodownika turystyki<br \/>g\u00f3rskiej<\/td>\n<\/tr>\n<tr>\n<td>28.09.2014<\/td>\n<td>Prze\u0142\u0119cz Jugowska-Kozie Siod\u0142o<\/td>\n<td>S11<\/td>\n<td>3<\/td>\n<td>tak<\/td>\n<td><\/td>\n<\/tr>\n<tr>\n<td>28.09.2014<\/td>\n<td>Kozie Siod\u0142o-Wielka Sowa<\/td>\n<td>S11<\/td>\n<td>3<\/td>\n<td>tak<\/td>\n<td><\/td>\n<\/tr>\n<tr>\n<td>28.09.2014<\/td>\n<td>Wielka Sowa-Prze\u0142\u0119cz Sokola<\/td>\n<td>S11<\/td>\n<td>3<\/td>\n<td>tak<\/td>\n<td><\/td>\n<\/tr>\n<tr>\n<td>28.09.2014<\/td>\n<td>Prze\u0142\u0119cz Sokola-Kozie Siod\u0142o, 4km<\/td>\n<td>S11<\/td>\n<td>4<\/td>\n<td>tak<\/td>\n<td><\/td>\n<\/tr>\n<tr>\n<td>28.09.2014<\/td>\n<td>Kozie Siod\u0142o-Prze\u0142\u0119cz Jugiwska<\/td>\n<td>S11<\/td>\n<td>2<\/td>\n<td>tak<\/td>\n<td><\/td>\n<\/tr>\n<\/tbody>\n<\/table>\n","protected":false},"excerpt":{"rendered":"<p>S\u0142oneczna, acz nieco ch\u0142odna niedziela 28 wrze\u015bnia 2014r. to dzie\u0144, w kt\u00f3rym spotkali si\u0119 dolno\u015blascy tury\u015bci na szczycie Wielkiej Sowy. Organizatorami Zlotu byli cz\u0142onkowie Komisji Turystyki G\u00f3rskiej z Oddzia\u0142u PTTK w Wa\u0142brzychu. Grup\u0119 turystyczna z Nowej Rudy poprowadzi\u0142 kol. Czes\u0142aw Dominas. W\u0119dr\u00f3wk\u0119 rozpocz\u0119li\u015bmy na Prze\u0142\u0119czy Jugowskiej, gdzie dowiedzieli\u015bmy si\u0119 kto i kiedy ustawi\u0142 znajdujacy si\u0119 [&hellip;]<\/p>\n","protected":false},"author":141,"featured_media":0,"comment_status":"closed","ping_status":"closed","sticky":false,"template":"","format":"standard","meta":{"ngg_post_thumbnail":0,"footnotes":""},"categories":[],"tags":[],"class_list":["post-3348","post","type-post","status-publish","format-standard","hentry"],"_links":{"self":[{"href":"https:\/\/kolo-nowaruda.klodzko.pttk.pl\/index.php\/wp-json\/wp\/v2\/posts\/3348","targetHints":{"allow":["GET"]}}],"collection":[{"href":"https:\/\/kolo-nowaruda.klodzko.pttk.pl\/index.php\/wp-json\/wp\/v2\/posts"}],"about":[{"href":"https:\/\/kolo-nowaruda.klodzko.pttk.pl\/index.php\/wp-json\/wp\/v2\/types\/post"}],"author":[{"embeddable":true,"href":"https:\/\/kolo-nowaruda.klodzko.pttk.pl\/index.php\/wp-json\/wp\/v2\/users\/141"}],"replies":[{"embeddable":true,"href":"https:\/\/kolo-nowaruda.klodzko.pttk.pl\/index.php\/wp-json\/wp\/v2\/comments?post=3348"}],"version-history":[{"count":0,"href":"https:\/\/kolo-nowaruda.klodzko.pttk.pl\/index.php\/wp-json\/wp\/v2\/posts\/3348\/revisions"}],"wp:attachment":[{"href":"https:\/\/kolo-nowaruda.klodzko.pttk.pl\/index.php\/wp-json\/wp\/v2\/media?parent=3348"}],"wp:term":[{"taxonomy":"category","embeddable":true,"href":"https:\/\/kolo-nowaruda.klodzko.pttk.pl\/index.php\/wp-json\/wp\/v2\/categories?post=3348"},{"taxonomy":"post_tag","embeddable":true,"href":"https:\/\/kolo-nowaruda.klodzko.pttk.pl\/index.php\/wp-json\/wp\/v2\/tags?post=3348"}],"curies":[{"name":"wp","href":"https:\/\/api.w.org\/{rel}","templated":true}]}}