{"id":3350,"date":"2014-10-05T00:00:00","date_gmt":"2014-10-04T22:00:00","guid":{"rendered":""},"modified":"-0001-11-30T00:00:00","modified_gmt":"-0001-11-29T22:00:00","slug":"wieza-wzieta","status":"publish","type":"post","link":"https:\/\/kolo-nowaruda.klodzko.pttk.pl\/index.php\/2014\/10\/05\/wieza-wzieta\/","title":{"rendered":"Wie\u017ca wzi\u0119ta!"},"content":{"rendered":"<p>Jesie\u0144 nabra\u0142a posmaku lata, a Nowa Ruda w\u0142a\u015bnie zyska\u0142a nowy wymiar w sferze turystyki. Po wielu latach oczekiwania nareszcie zosta\u0142a otwarta odnowiona wie\u017ca widokowa na G\u00f3rze \u015bw. Anny. Ponad 90-osobowa grup\u0119 mi\u0142o\u015bnik\u00f3w lokalnych \u015bcie\u017cek po nowym &#8222;Szlaku Dw\u00f3ch Wie\u017c&#8221; poprowadzi\u0142 kol. Czes\u0142aw Dominas.<\/p>\n<p>Na starcie imprezy &#8211; na szczycie G\u00f3ry Wszystkich \u015awi\u0119tych, pod wie\u017ca widokowa z 1913 roku &#8211; zameldowa\u0142o si\u0119 91 os\u00f3b. Wszyscy gotowi na wypraw\u0119 nowym szlakiem miejskim \u0142aczacym wie\u017c\u0119 widokowa na G\u00f3rze Wszystkich \u015awi\u0119tych z wie\u017ca widokowa na G\u00f3rze \u015bw. Anny. Sympatycznie i merytorycznie powita\u0142 zebranych niezawodny przodownik turystyki g\u00f3rskiej i znakarz szlak\u00f3w g\u00f3rskich &#8211; Czes\u0142aw Dominas. Przybli\u017cy\u0142 nam histori\u0119 powstania wie\u017cy i opisa\u0142 zmiany, jakie przechodzi\u0142a przez kolejne lata. Oficjalny poczatek trasy znajduje si\u0119 jednak nieco poni\u017cej samej wie\u017cy. Umieszczono tam tablic\u0119 informacyjna z mapka szlaku i drogowskaz.<br \/>Nasza trasa wiod\u0142a w d\u00f3\u0142, polna droga, w kierunku Alei Naj\u015bwi\u0119tszej Marii Panny. Po doj\u015bciu do drogi asfaltowej skr\u0119camy w prawo i spotykamy kolejny drogowskaz. Dalej przez las na zboczu Ko\u015bcielca, w kierunku ulicy Po\u0142oniny. Na skrzy\u017cowaniu z ul. Po\u0142oniny wkraczamy na polna drog\u0119 wiodaca w kierunku g\u00f3rnej cz\u0119\u015bci Osiedla Wary\u0144skiego. Wida\u0107 efekty prac modernizacyjnych na szlaku, dzi\u0119ki kt\u00f3rym znik\u0142y okropne ka\u0142u\u017ce i g\u0142\u0119bokie koleiny. Dalej, ju\u017c nad Osiedlem, szlak skr\u0119ca w lewo, w kierunku centrum miasta. Dobrze, \u017ce przewidziano kamienne szykany, dzi\u0119ki kt\u00f3rym nowa droga nie zostanie zniszczona przez amator\u00f3w czterech k\u00f3\u0142ek.<br \/>Po drugiej stronie nowego traktu ustawiono niewielka wiat\u0119 &#8211; mo\u017cna by\u0142o troch\u0119 odpocza\u0107. Potem dalej, w kierunku ulicy Pionier\u00f3w. Ulica Pionier\u00f3w troch\u0119 pod g\u00f3r\u0119 i dochodzimy do lasu na zboczu G\u00f3ry \u015bw. Anny &#8211; tu kolejna tablica informacyjna. Ulica dochodzimy do skrzy\u017cowania z asfaltowym wjazdem na G\u00f3r\u0119 \u015bw. Anny i dalej ju\u017c dobrze widocza i bardzo znana trasa w kierunku b. schroniska.<br \/>O godzinie 14:00 w Kaplicy \u015bw. Anny okoliczno\u015bciowa msz\u0119 odprawi\u0142 ks. dziekan Jerzy Kos. A potem ju\u017c spotkanie z olbrzymia grupa mieszka\u0144c\u00f3w miasta i gminy, naszych znajomych z Oddzia\u0142u PTTK w K\u0142odzku, przyjaci\u00f3\u0142 z Czech i wielu, wielu innych go\u015bci. Najpierw niecierpliwe oczekiwanie na oficjalne otwarcie &#8211; tu g\u0142os zabra\u0142 Pan Burmistrz Miasta Nowa Ruda Tomasz Kili\u0144ski i Pani Pose\u0142 Na Sejm Rzeczypospolitej Polskiej, Monika Wielichowska oraz Prezes Zarzadu Stowarzyszenia Gmin Polskich Euroregionu Glacensis, Burmistrz Miasta Kudowa Zdr\u00f3j, Pan Czes\u0142aw Kr\u0119cichwost. Samo przeci\u0119cie wst\u0119gi przypad\u0142o w udziale jednej z m\u0142odszych uczestniczek spotkania. No a potem g\u0119sty i nieprzeliczalny t\u0142um zwolennik\u00f3w nowej atrakcji ruszy\u0142 na g\u00f3r\u0119. Naprawd\u0119, ci\u0119\u017cko by\u0142o si\u0119 przecisna\u0107&#8230;<br \/>Na zapleczu wie\u017cy utworzono obszar ogniskowo-konkursowo-muzyczno-kulinarny. Najpierw rozegrany zosta\u0142 konkurs wiedzy o regionie, prowadzony przez kol. Czes\u0142awa Dominasa, a potem zagrali i za\u015bpiewali &#8222;Bieguni&#8221;.<\/p>\n<p>Wie\u017ca ju\u017c gotowa. Ciekawe, czy kiedy\u015b doczekamy odbudowy wie\u017cy na G\u00f3rze W\u0142odzickiej? Albo na Grodziszczu? &#8230;<\/p>\n","protected":false},"excerpt":{"rendered":"<p>Jesie\u0144 nabra\u0142a posmaku lata, a Nowa Ruda w\u0142a\u015bnie zyska\u0142a nowy wymiar w sferze turystyki. Po wielu latach oczekiwania nareszcie zosta\u0142a otwarta odnowiona wie\u017ca widokowa na G\u00f3rze \u015bw. Anny. Ponad 90-osobowa grup\u0119 mi\u0142o\u015bnik\u00f3w lokalnych \u015bcie\u017cek po nowym &#8222;Szlaku Dw\u00f3ch Wie\u017c&#8221; poprowadzi\u0142 kol. Czes\u0142aw Dominas. Na starcie imprezy &#8211; na szczycie G\u00f3ry Wszystkich \u015awi\u0119tych, pod wie\u017ca widokowa [&hellip;]<\/p>\n","protected":false},"author":141,"featured_media":0,"comment_status":"closed","ping_status":"closed","sticky":false,"template":"","format":"standard","meta":{"ngg_post_thumbnail":0,"footnotes":""},"categories":[],"tags":[],"class_list":["post-3350","post","type-post","status-publish","format-standard","hentry"],"_links":{"self":[{"href":"https:\/\/kolo-nowaruda.klodzko.pttk.pl\/index.php\/wp-json\/wp\/v2\/posts\/3350","targetHints":{"allow":["GET"]}}],"collection":[{"href":"https:\/\/kolo-nowaruda.klodzko.pttk.pl\/index.php\/wp-json\/wp\/v2\/posts"}],"about":[{"href":"https:\/\/kolo-nowaruda.klodzko.pttk.pl\/index.php\/wp-json\/wp\/v2\/types\/post"}],"author":[{"embeddable":true,"href":"https:\/\/kolo-nowaruda.klodzko.pttk.pl\/index.php\/wp-json\/wp\/v2\/users\/141"}],"replies":[{"embeddable":true,"href":"https:\/\/kolo-nowaruda.klodzko.pttk.pl\/index.php\/wp-json\/wp\/v2\/comments?post=3350"}],"version-history":[{"count":0,"href":"https:\/\/kolo-nowaruda.klodzko.pttk.pl\/index.php\/wp-json\/wp\/v2\/posts\/3350\/revisions"}],"wp:attachment":[{"href":"https:\/\/kolo-nowaruda.klodzko.pttk.pl\/index.php\/wp-json\/wp\/v2\/media?parent=3350"}],"wp:term":[{"taxonomy":"category","embeddable":true,"href":"https:\/\/kolo-nowaruda.klodzko.pttk.pl\/index.php\/wp-json\/wp\/v2\/categories?post=3350"},{"taxonomy":"post_tag","embeddable":true,"href":"https:\/\/kolo-nowaruda.klodzko.pttk.pl\/index.php\/wp-json\/wp\/v2\/tags?post=3350"}],"curies":[{"name":"wp","href":"https:\/\/api.w.org\/{rel}","templated":true}]}}