{"id":3355,"date":"2014-11-16T00:00:00","date_gmt":"2014-11-15T22:00:00","guid":{"rendered":""},"modified":"-0001-11-30T00:00:00","modified_gmt":"-0001-11-29T22:00:00","slug":"mokro-wietrznie-i-jesiennie-ale-za-to-w-doborowym-towarzystwie","status":"publish","type":"post","link":"https:\/\/kolo-nowaruda.klodzko.pttk.pl\/index.php\/2014\/11\/16\/mokro-wietrznie-i-jesiennie-ale-za-to-w-doborowym-towarzystwie\/","title":{"rendered":"Mokro, wietrznie i jesiennie, ale za to w doborowym towarzystwie"},"content":{"rendered":"<p>16 listopada 2014r., w d\u017cd\u017cysta niedziel\u0119 wyborcza cz\u0142onkowie Ko\u0142a PTTK im. \u201eGwark\u00f3w Noworudzkich\u201d wraz z go\u015b\u0107mi z Klubu Mi\u0142o\u015bnik\u00f3w G\u00f3r \u201eWalig\u00f3ra\u201d w Strzegomiu i Klubu Czeskich Turyst\u00f3w z Broumova, w \u0142acznej sile prawie 50 uczestnik\u00f3w ruszyli na \u015bcie\u017cki wok\u00f3\u0142 Nowej Rudy. Po drogach i bezdro\u017cach prowadzi\u0142 nas Czes\u0142aw Dominas wraz z grupa kandydat\u00f3w na przodownik\u00f3w turystyki g\u00f3rskiej.<\/p>\n<p>W\u0119dr\u00f3wk\u0119 rozpocz\u0119li\u015bmy przy w\u0119\u017ale szlak\u00f3w na stacji kolejowej Nowa Ruda, gdzie spotkali\u015bmy si\u0119 z naszymi go\u015b\u0107mi z KCT Broumov. Najpierw zej\u015bcie ul. Kolejowa do Rynku, gdzie nasz przewodnik opowiedzia\u0142 czeskim go\u015bciom o najwa\u017cniejszych elementach wystroju architektonicznego i historii centrum miasta. Potem pow\u0119drowali\u015bmy do MOK-u, gdzie do\u0142aczyli do nas cz\u0142onkowie Klubu ze Strzegomia. Prezes Ko\u0142a z Nowej Rudy powita\u0142a go\u015bci i wr\u0119czy\u0142a okoliczno\u015bciowe pamiatki promujace Nowa Rud\u0119 i najbli\u017csze okolice. Przewodnik zaprowadzi\u0142 nas nast\u0119pnie do pobliskiego parku, gdzie znajduje si\u0119 skrzemienia\u0142y pie\u0144 drzewa sprzed 250 milion\u00f3w lat \u2013 znalezisko z dawnej kopalni noworudzkiej. Potem kr\u00f3tka wspinaczka zielonym szlakiem przez park i przystanek przy Kamieniu Carla Ferche. Przewodnik przybli\u017cy\u0142 wycieczkowiczom posta\u0107 legendarnego ju\u017c piewcy pi\u0119kna ziemi noworudzkiej i odczyta\u0142 napis na tablicy pamiatkowej.<\/p>\n<p>Dalej w g\u00f3r\u0119, przez las w kierunku prze\u0142\u0119czy pod Kr\u0119pcem i na sam szczyt, a\u017c do nowo oddanej wie\u017cy widokowej. Tu kolejny post\u00f3j i zwiedzanie wie\u017cy. Post\u00f3j by\u0142 potrzebny, bo akurat pogoda wpad\u0142a na pomys\u0142 kr\u00f3tkiego prysznica. Jak deszcz si\u0119 nieco uspokoi\u0142 to ruszyli\u015bmy w kierunku G\u00f3ry Wszystkich \u015awi\u0119tych. \u015alisko, bo po deszczu, a zatem niejeden z uczestnik\u00f3w mia\u0142 bliskie spotkanie z charakterystyczna, rdzawa noworudzka glina. W ko\u0144cu dotarli\u015bmy do drugiej wie\u017cy widokowej \u2013 i zn\u00f3w przerwa i podziwianie widok\u00f3w. No bo kt\u00f3re jeszcze inne miasto w Polsce ma dwie g\u00f3rskie wie\u017ce widokowe?<\/p>\n<p>Potem w d\u00f3\u0142, w kierunku Ko\u015bcio\u0142a MB Bolesnej na Ko\u015bcielcu i dalej szlakiem czerwonym do spotkania z trasa szlaku \u201eDwie wie\u017ce\u201d. Powoli pokonali\u015bmy kolejne kilometry szlaku, a\u017c u podn\u00f3\u017ca G\u00f3ry \u015bw. Anny przewodnik zdecydowa\u0142 si\u0119 na \u2013 tradycyjne w naszym Kole \u2013 zboczenie. Troch\u0119 przez \u0142ak\u0119, troch\u0119 lasem i w ko\u0144cu dotarli\u015bmy do ul. Pionier\u00f3w. Dalej dooko\u0142a szczytu i trafili\u015bmy wreszcie na Ranczo \u201eOvero\u201d, gdzie ugo\u015bcili nas pa\u0144stwo Kobak \u2013 w\u0142a\u015bciciele o\u015brodka. Ognisko, kie\u0142baski i ciep\u0142e napoje poprawi\u0142y wszystkim humory.<\/p>\n<p>Pod wiecz\u00f3r przewodnik odprowadzi\u0142 reszt\u0119 uczestnik\u00f3w do centrum miasta. Nasi go\u015bcie ze Strzegomia pozostawili na pamiatk\u0119 okoliczno\u015bciowa poczt\u00f3wk\u0119 ze swoimi podpisami.<\/p>\n<p>Pozdrawiamy wszystkich uczestnik\u00f3w i \u017cyczymy sobie i wam lepszej pogody na w\u0119dr\u00f3wkach.<\/p>\n","protected":false},"excerpt":{"rendered":"<p>16 listopada 2014r., w d\u017cd\u017cysta niedziel\u0119 wyborcza cz\u0142onkowie Ko\u0142a PTTK im. \u201eGwark\u00f3w Noworudzkich\u201d wraz z go\u015b\u0107mi z Klubu Mi\u0142o\u015bnik\u00f3w G\u00f3r \u201eWalig\u00f3ra\u201d w Strzegomiu i Klubu Czeskich Turyst\u00f3w z Broumova, w \u0142acznej sile prawie 50 uczestnik\u00f3w ruszyli na \u015bcie\u017cki wok\u00f3\u0142 Nowej Rudy. Po drogach i bezdro\u017cach prowadzi\u0142 nas Czes\u0142aw Dominas wraz z grupa kandydat\u00f3w na przodownik\u00f3w [&hellip;]<\/p>\n","protected":false},"author":141,"featured_media":0,"comment_status":"closed","ping_status":"closed","sticky":false,"template":"","format":"standard","meta":{"ngg_post_thumbnail":0,"footnotes":""},"categories":[],"tags":[],"class_list":["post-3355","post","type-post","status-publish","format-standard","hentry"],"_links":{"self":[{"href":"https:\/\/kolo-nowaruda.klodzko.pttk.pl\/index.php\/wp-json\/wp\/v2\/posts\/3355","targetHints":{"allow":["GET"]}}],"collection":[{"href":"https:\/\/kolo-nowaruda.klodzko.pttk.pl\/index.php\/wp-json\/wp\/v2\/posts"}],"about":[{"href":"https:\/\/kolo-nowaruda.klodzko.pttk.pl\/index.php\/wp-json\/wp\/v2\/types\/post"}],"author":[{"embeddable":true,"href":"https:\/\/kolo-nowaruda.klodzko.pttk.pl\/index.php\/wp-json\/wp\/v2\/users\/141"}],"replies":[{"embeddable":true,"href":"https:\/\/kolo-nowaruda.klodzko.pttk.pl\/index.php\/wp-json\/wp\/v2\/comments?post=3355"}],"version-history":[{"count":0,"href":"https:\/\/kolo-nowaruda.klodzko.pttk.pl\/index.php\/wp-json\/wp\/v2\/posts\/3355\/revisions"}],"wp:attachment":[{"href":"https:\/\/kolo-nowaruda.klodzko.pttk.pl\/index.php\/wp-json\/wp\/v2\/media?parent=3355"}],"wp:term":[{"taxonomy":"category","embeddable":true,"href":"https:\/\/kolo-nowaruda.klodzko.pttk.pl\/index.php\/wp-json\/wp\/v2\/categories?post=3355"},{"taxonomy":"post_tag","embeddable":true,"href":"https:\/\/kolo-nowaruda.klodzko.pttk.pl\/index.php\/wp-json\/wp\/v2\/tags?post=3355"}],"curies":[{"name":"wp","href":"https:\/\/api.w.org\/{rel}","templated":true}]}}