{"id":3359,"date":"2015-01-31T00:00:00","date_gmt":"2015-01-30T22:00:00","guid":{"rendered":""},"modified":"-0001-11-30T00:00:00","modified_gmt":"-0001-11-29T22:00:00","slug":"ruda-gora-i-40-wloczykijow","status":"publish","type":"post","link":"https:\/\/kolo-nowaruda.klodzko.pttk.pl\/index.php\/2015\/01\/31\/ruda-gora-i-40-wloczykijow\/","title":{"rendered":"Ruda G\u00f3ra i 40 w\u0142\u00f3czykij\u00f3w"},"content":{"rendered":"<p>31 stycznia 2015 roku to ju\u017c oficjalny start sezonu turystycznego naszego Ko\u0142a.<\/p>\n<p>Grup\u0119 blisko 40 zwolennik\u00f3w w\u0119dr\u00f3wek w nieznane zakatki Nowej Rudy poprowadzi\u0142 Honorowy Przodownik Turystyki G\u00f3rskiej, kol. Czes\u0142aw Dominas<\/p>\n<p>W\u0119dr\u00f3wk\u0119 rozpocz\u0119li\u015bmy spotkaniem przy naszej nieoficjalnej siedzibie w Rynku. Zebranych przywita\u0142 nasz przewodnik. Opr\u00f3cz &#8222;sta\u0142ych bywalc\u00f3w&#8221; z Ko\u0142a z prawdziwa przyjemno\u015bcia go\u015bcili\u015bmy zawsze u\u015bmiechni\u0119ta grup\u0119 turyst\u00f3w z Noworudzkiego Uniwersytetu Trzeciego Wieku pod kierunkiem kol. Anny Szczepan. Kol. Czes\u0142aw Dominas opowiedzia\u0142 uczestnikom kilka niezwyk\u0142ych ciekawostek z historii noworudzkiego rynku, a potem poprowadzi\u0142 nas w kierunku ul. Podjazdowej. Tu warto by\u0142o zwr\u00f3ci\u0107 uwag\u0119 na liczne inskrypcje z kilkoma datami &#8211; sa to daty budowy i kolejnych modernizacji &#8222;owczego mostu&#8221;. Nast\u0119pny przystanek to zbieg ul. Piast\u00f3w i ul. Fredry, gdzie dowiedzieli\u015bmy si\u0119 o dawnej funkcji budynku, w kt\u00f3rym dzi\u015b mie\u015bci si\u0119 sklep i mieszkania prywatne. W dawnych czasach by\u0142 to, jak si\u0119 okazuje, szpital, a potem przytu\u0142ek i sierociniec. Warto by\u0142o tak\u017ce zwr\u00f3ci\u0107 uwag\u0119 na ciekawa, dwucz\u0119\u015bciowa ceramik\u0119 ozdobna nad barem, kt\u00f3ra przedstawia opowie\u015b\u0107 o historii rozwoju \u015brodk\u00f3w transportu w Nowej Rudzie od czas\u00f3w \u015bredniowiecznych a\u017c do po\u0142owy XX wieku.<\/p>\n<p>Nast\u0119pne kroki to ju\u017c nowy Szlak Grodu Nad W\u0142odzica i wizyta u &#8222;Bazyla&#8221;, czyli nowego mieszka\u0144ca W\u0142odzicy &#8211; piaskowcowego jaszczura, kt\u00f3rego historia wcia\u017c pozostaje tajemnica. Potem ul. Przechodnia do ul. Pi\u0142sudskiego i dalej wspinaczka \u015bcie\u017cka w kierunku szczytu Rudej G\u00f3ry, z obowiazkowym przystankiem przy miejscu dawnego miejsca strace\u0144 &#8211; placu szubienicznego.<\/p>\n<p>Na samym szczycie mi\u0142y akcent &#8211; nowa tabliczka z nazwa i wysoko\u015bcia wzniesienia. Tabliczk\u0119 wykona\u0142 w czynie spo\u0142ecznym kol. Witek Telus.<\/p>\n<p>Po zdobyciu szczytu Rudej G\u00f3ry dalsza droga to zej\u015bcie do ul. Cichej, potem dalej ul. Srebrna i ul. Z\u0142ota do ul. Niepodleg\u0142o\u015bci. Tu\u017c za budynkiem dawnego zajazdu skr\u0119ca si\u0119 w ul. Ma\u0142a Kolonia, kt\u00f3ra stopniowo poda\u017cali\u015bmy a\u017c do ul. Ko\u0142owej. Na ul. Ko\u0142owej przerwa na podziwianie przepi\u0119knej panoramy G\u00f3r Sowich, a nast\u0119pnie zej\u015bcie do miejsca na ognisko przy starej le\u015bnicz\u00f3wce. Trzeba przyzna\u0107, \u017ce uczestnicy mocno wzi\u0119li sobie do serca apel o przygotowanie ogniska. Z samych &#8222;zapas\u00f3w&#8221; mo\u017cna by\u0142o spokojnie zrobi\u0107 niez\u0142y sk\u0142ad opa\u0142u.<\/p>\n<p>Kie\u0142baski upieczone, pie\u015bni ku uciesze uczestnik\u00f3w &#8211; od\u015bpiewane, a wi\u0119c wr\u00f3cili\u015bmy do centrum miasta. Wycieczka zako\u0144czy\u0142a si\u0119 oko\u0142o 15:00 pod noworudzkim MOK-iem.<\/p>\n<p>Uczestnikom i przewodnikowi serdecznie dzi\u0119kujemy i czekamy na nast\u0119pne wyprawy!<\/p>\n<p><strong>Wz\u00f3r wype\u0142nienia ksia\u017ceczki GOT:<\/strong><\/p>\n<table border=\"0\" frame=\"box\" rules=\"all\">\n<tbody>\n<tr>\n<td>\n<p>Data<br \/>odbycia<br \/>wycieczki<\/p>\n<\/td>\n<td>Trasa wycieczki<\/td>\n<td>Nr grupy<br \/>g\u00f3rskiej<br \/>wg reg. GOT<\/td>\n<td>Punkt\u00f3w<br \/>wg reg.<br \/>GOT<\/td>\n<td>Czy<br \/>przodownik<br \/>by\u0142 obecny<\/td>\n<td>Podpis i nr legitymacji<br \/>przodownika turystyki<br \/>g\u00f3rskiej<\/td>\n<\/tr>\n<tr>\n<td>31.01.2015<\/td>\n<td>\n<p>Nowa Ruda-Ruda G\u00f3ra-Nowa Ruda<br \/>7km, 400m<\/p>\n<\/td>\n<td>S11<\/td>\n<td>11<\/td>\n<td>tak<\/td>\n<td><\/td>\n<\/tr>\n<\/tbody>\n<\/table>\n","protected":false},"excerpt":{"rendered":"<p>31 stycznia 2015 roku to ju\u017c oficjalny start sezonu turystycznego naszego Ko\u0142a. Grup\u0119 blisko 40 zwolennik\u00f3w w\u0119dr\u00f3wek w nieznane zakatki Nowej Rudy poprowadzi\u0142 Honorowy Przodownik Turystyki G\u00f3rskiej, kol. Czes\u0142aw Dominas W\u0119dr\u00f3wk\u0119 rozpocz\u0119li\u015bmy spotkaniem przy naszej nieoficjalnej siedzibie w Rynku. Zebranych przywita\u0142 nasz przewodnik. Opr\u00f3cz &#8222;sta\u0142ych bywalc\u00f3w&#8221; z Ko\u0142a z prawdziwa przyjemno\u015bcia go\u015bcili\u015bmy zawsze u\u015bmiechni\u0119ta grup\u0119 [&hellip;]<\/p>\n","protected":false},"author":141,"featured_media":0,"comment_status":"closed","ping_status":"closed","sticky":false,"template":"","format":"standard","meta":{"ngg_post_thumbnail":0,"footnotes":""},"categories":[],"tags":[],"class_list":["post-3359","post","type-post","status-publish","format-standard","hentry"],"_links":{"self":[{"href":"https:\/\/kolo-nowaruda.klodzko.pttk.pl\/index.php\/wp-json\/wp\/v2\/posts\/3359","targetHints":{"allow":["GET"]}}],"collection":[{"href":"https:\/\/kolo-nowaruda.klodzko.pttk.pl\/index.php\/wp-json\/wp\/v2\/posts"}],"about":[{"href":"https:\/\/kolo-nowaruda.klodzko.pttk.pl\/index.php\/wp-json\/wp\/v2\/types\/post"}],"author":[{"embeddable":true,"href":"https:\/\/kolo-nowaruda.klodzko.pttk.pl\/index.php\/wp-json\/wp\/v2\/users\/141"}],"replies":[{"embeddable":true,"href":"https:\/\/kolo-nowaruda.klodzko.pttk.pl\/index.php\/wp-json\/wp\/v2\/comments?post=3359"}],"version-history":[{"count":0,"href":"https:\/\/kolo-nowaruda.klodzko.pttk.pl\/index.php\/wp-json\/wp\/v2\/posts\/3359\/revisions"}],"wp:attachment":[{"href":"https:\/\/kolo-nowaruda.klodzko.pttk.pl\/index.php\/wp-json\/wp\/v2\/media?parent=3359"}],"wp:term":[{"taxonomy":"category","embeddable":true,"href":"https:\/\/kolo-nowaruda.klodzko.pttk.pl\/index.php\/wp-json\/wp\/v2\/categories?post=3359"},{"taxonomy":"post_tag","embeddable":true,"href":"https:\/\/kolo-nowaruda.klodzko.pttk.pl\/index.php\/wp-json\/wp\/v2\/tags?post=3359"}],"curies":[{"name":"wp","href":"https:\/\/api.w.org\/{rel}","templated":true}]}}