{"id":3360,"date":"2015-02-15T00:00:00","date_gmt":"2015-02-14T22:00:00","guid":{"rendered":""},"modified":"-0001-11-30T00:00:00","modified_gmt":"-0001-11-29T22:00:00","slug":"sarnimi-sciezkami-do-saren","status":"publish","type":"post","link":"https:\/\/kolo-nowaruda.klodzko.pttk.pl\/index.php\/2015\/02\/15\/sarnimi-sciezkami-do-saren\/","title":{"rendered":"Sarnimi \u015bcie\u017ckami do Saren"},"content":{"rendered":"<p><em>( opis: Anna Szczepan)<\/em> W niedzielny poranek (15 lutego) zbi\u00f3rka w Nowej Rudzie w Rynku i dwudziestoosobowa grupa zapalonych spacerowicz\u00f3w &#8211; cz\u0142onk\u00f3w naszego ko\u0142a PTTK, koleg\u00f3w z Dusznik, grupa AniKije Noworudzkiego UTW oraz dwie osoby niezrzeszone, ra\u017anym krokiem wyruszy\u0142a na szlak. Wycieczk\u0119 prowadzi\u0142 jak zwykle Przodownik Turystyki G\u00f3rskiej, kol. Czes\u0142aw Dominas.<\/p>\n<p>Najpierw ulica Kolejowa, gdzie s\u0142\u00f3w kilka o ko\u015bciele Bo\u017cego Cia\u0142a i dawnym budynku policji, potem obok Dworu G\u00f3rnego (te\u017c s\u0142\u00f3w kilka) weszli\u015bmy na szlak niebieski, aby go za chwil\u0119 porzuci\u0107 i wej\u015b\u0107 na le\u015bne i sarnie \u015bcie\u017cki. \u015anieg lekko zmro\u017cony i troch\u0119 &#8222;scukrza\u0142y&#8221; , ale sz\u0142o si\u0119 dobrze i nikt nie narzeka\u0142. Wszystkie trudy lekkiego podej\u015bcia pod g\u00f3rk\u0119 rekompensowa\u0142y pi\u0119kne widoki na okoliczne wzg\u00f3rza i widoczne nieco dalej pasma g\u00f3rskie, kt\u00f3rych nazwy niestrudzenie usi\u0142owa\u0142 nam wpoi\u0107 przewodnik. Po drodze zatrzymali\u015bmy si\u0119 przy wiekowej, liczacej ok.250 lat so\u015bnie na wsp\u00f3lne zdj\u0119cie. Wida\u0107 by\u0142o jak na d\u0142oni wie\u017c\u0119 widokowa na Annie (m\u00f3wiac potocznie), a w innym miejscu widnia\u0142a w oddali bia\u0142a wie\u017ca na Wielkiej Sowie. Gdzie\u015b jakby przypadkiem do\u0142aczy\u0142 do nas \u017c\u00f3\u0142ty szlak. Za g\u00f3rka, ju\u017c przy zej\u015bciu w pobli\u017ce majatku Sarny droga zrobi\u0142a si\u0119 mocno b\u0142otnista (rozje\u017cd\u017cona okropnie przez traktory i quady), ale i tak nikt nie narzeka\u0142 i humory dopisywa\u0142y wszystkim, utaplanym w b\u0142ocie jak nie przymierzajac kaczki. Zostawiajac pa\u0142ac Sarny lekko z boku, poszli\u015bmy w kierunku zrujnowanego (niestety) dworu we W\u0142odowicach, o kt\u00f3rym te\u017c s\u0142\u00f3w kilka us\u0142yszeli\u015bmy. Jeszcze jedno wsp\u00f3lne zdj\u0119cie i spacerkiem wr\u00f3cili\u015bmy do Nowej Rudy.<\/p>\n","protected":false},"excerpt":{"rendered":"<p>( opis: Anna Szczepan) W niedzielny poranek (15 lutego) zbi\u00f3rka w Nowej Rudzie w Rynku i dwudziestoosobowa grupa zapalonych spacerowicz\u00f3w &#8211; cz\u0142onk\u00f3w naszego ko\u0142a PTTK, koleg\u00f3w z Dusznik, grupa AniKije Noworudzkiego UTW oraz dwie osoby niezrzeszone, ra\u017anym krokiem wyruszy\u0142a na szlak. Wycieczk\u0119 prowadzi\u0142 jak zwykle Przodownik Turystyki G\u00f3rskiej, kol. Czes\u0142aw Dominas. Najpierw ulica Kolejowa, gdzie [&hellip;]<\/p>\n","protected":false},"author":141,"featured_media":0,"comment_status":"closed","ping_status":"closed","sticky":false,"template":"","format":"standard","meta":{"ngg_post_thumbnail":0,"footnotes":""},"categories":[],"tags":[],"class_list":["post-3360","post","type-post","status-publish","format-standard","hentry"],"_links":{"self":[{"href":"https:\/\/kolo-nowaruda.klodzko.pttk.pl\/index.php\/wp-json\/wp\/v2\/posts\/3360","targetHints":{"allow":["GET"]}}],"collection":[{"href":"https:\/\/kolo-nowaruda.klodzko.pttk.pl\/index.php\/wp-json\/wp\/v2\/posts"}],"about":[{"href":"https:\/\/kolo-nowaruda.klodzko.pttk.pl\/index.php\/wp-json\/wp\/v2\/types\/post"}],"author":[{"embeddable":true,"href":"https:\/\/kolo-nowaruda.klodzko.pttk.pl\/index.php\/wp-json\/wp\/v2\/users\/141"}],"replies":[{"embeddable":true,"href":"https:\/\/kolo-nowaruda.klodzko.pttk.pl\/index.php\/wp-json\/wp\/v2\/comments?post=3360"}],"version-history":[{"count":0,"href":"https:\/\/kolo-nowaruda.klodzko.pttk.pl\/index.php\/wp-json\/wp\/v2\/posts\/3360\/revisions"}],"wp:attachment":[{"href":"https:\/\/kolo-nowaruda.klodzko.pttk.pl\/index.php\/wp-json\/wp\/v2\/media?parent=3360"}],"wp:term":[{"taxonomy":"category","embeddable":true,"href":"https:\/\/kolo-nowaruda.klodzko.pttk.pl\/index.php\/wp-json\/wp\/v2\/categories?post=3360"},{"taxonomy":"post_tag","embeddable":true,"href":"https:\/\/kolo-nowaruda.klodzko.pttk.pl\/index.php\/wp-json\/wp\/v2\/tags?post=3360"}],"curies":[{"name":"wp","href":"https:\/\/api.w.org\/{rel}","templated":true}]}}