{"id":3362,"date":"2015-03-13T00:00:00","date_gmt":"2015-03-12T22:00:00","guid":{"rendered":""},"modified":"-0001-11-30T00:00:00","modified_gmt":"-0001-11-29T22:00:00","slug":"niemozliwe-stalo-sie-mozliwe","status":"publish","type":"post","link":"https:\/\/kolo-nowaruda.klodzko.pttk.pl\/index.php\/2015\/03\/13\/niemozliwe-stalo-sie-mozliwe\/","title":{"rendered":"&#8222;Niemo\u017cliwe sta\u0142o si\u0119 mo\u017cliwe&#8221;!"},"content":{"rendered":"<p>13 marca br w restauracji \u201eRycerska\u201d odby\u0142o si\u0119 spotkanie z Krzysztofem Wieczorkiem, kt\u00f3ry poprzez swoje opowie\u015bci przeni\u00f3s\u0142 wszystkich uczestnik\u00f3w tego spotkania w ameryka\u0144skie Kordyliery.<\/p>\n<p>Niemal rodzinna atmosfera zestawiona zosta\u0142a z \u017cywio\u0142em a zarazem pasja naszego podr\u00f3\u017cnika. Zdj\u0119cia z ekspedycji na McKinleya napawa\u0142y zgroza jak i zachwytem. Jednym z przyk\u0142ad\u00f3w mo\u017ce by\u0107 wioska namiotowa znajdujaca si\u0119 na kilku tysiacach metr\u00f3w nad poziomem morza z trzech stron otoczona stromymi zboczami pokrytymi warstwa nieskazitelnie bia\u0142ego \u015bniegu, a na wprost ni\u017csze szczyty tonace w chmurach. Ponadto obecni mieli niezapomniana szans\u0119, by zobaczy\u0107 i poczu\u0107 ci\u0119\u017car wielorakich sprz\u0119t\u00f3w niezb\u0119dnych podczas wysokog\u00f3rskich wypraw jak i r\u00f3wnie\u017c dowiedzie\u0107 si\u0119 jak bardzo wysokoenergetyczne po\u017cywienie nale\u017cy ze soba zabra\u0107, by by\u0107 w stanie sprawnie funkcjonowa\u0107\u00a0 np. w minus trzydziestostopniowym mrozie!<\/p>\n<p>Pomimo wielu przeciwno\u015bci, emerytowany g\u00f3rnik, a teraz tak\u017ce podr\u00f3\u017cnik staje na szczytach najwy\u017cszych g\u00f3r \u015bwiata. Mimo poczatkowego sceptycyzmu, wyprawa na Mont Blanc sprawi\u0142a, \u017ce zapa\u0142a\u0142 mi\u0142o\u015bcia do w\u0119dr\u00f3wek wysokog\u00f3rskich. \u201eNie ma rzeczy niemo\u017cliwych, a marzenia si\u0119 spe\u0142niaja.\u201d \u2013 m\u00f3wi Krzysztof Wieczorek snujac plany o zdobyciu Korony Ziemi, czego \u017cyczymy mu z ca\u0142ego serca.<\/p>\n<p>Dzi\u0119kujemy wszystkim przyby\u0142ym, szczeg\u00f3lnie uczniom NST wraz z opiekunem pania Marta Augustynowska \u2013 Klincewicz, kt\u00f3rzy os\u0142odzili to spotkanie w\u0142asnor\u0119cznie upieczonymi ciastami, restauracji \u201eRycerska\u201d za udost\u0119pnieni miejsca oraz sprz\u0119t audiowizualny zapewniony przez Miejski O\u015brodek Kultury w Nowej Rudzie.<\/p>\n<p>Szczeg\u00f3lne podzi\u0119kowania chcemy jednak skierowa\u0107 do pana Krzysztofa Wieczorka za podzielenie si\u0119 osobistymi refleksjami i przygodami z ekspedycji.<\/p>\n<p>Liczymy na to, \u017ce pojawia si\u0119 kolejne spotkania z podr\u00f3\u017cnikami mieszkajacymi w naszej okolicy.<\/p>\n<p>P.S. Do dyspozycji wszystkich zainteresowanych jest blog prowadzony przez naszego go\u015bcia i jego <a href=\"https:\/\/www.facebook.com\/krzysztof.wieczorek.52?fref=ts\"><strong>strona na Facebooku<\/strong><\/a>.<\/p>\n","protected":false},"excerpt":{"rendered":"<p>13 marca br w restauracji \u201eRycerska\u201d odby\u0142o si\u0119 spotkanie z Krzysztofem Wieczorkiem, kt\u00f3ry poprzez swoje opowie\u015bci przeni\u00f3s\u0142 wszystkich uczestnik\u00f3w tego spotkania w ameryka\u0144skie Kordyliery. Niemal rodzinna atmosfera zestawiona zosta\u0142a z \u017cywio\u0142em a zarazem pasja naszego podr\u00f3\u017cnika. Zdj\u0119cia z ekspedycji na McKinleya napawa\u0142y zgroza jak i zachwytem. Jednym z przyk\u0142ad\u00f3w mo\u017ce by\u0107 wioska namiotowa znajdujaca si\u0119 [&hellip;]<\/p>\n","protected":false},"author":141,"featured_media":0,"comment_status":"closed","ping_status":"closed","sticky":false,"template":"","format":"standard","meta":{"ngg_post_thumbnail":0,"footnotes":""},"categories":[],"tags":[],"class_list":["post-3362","post","type-post","status-publish","format-standard","hentry"],"_links":{"self":[{"href":"https:\/\/kolo-nowaruda.klodzko.pttk.pl\/index.php\/wp-json\/wp\/v2\/posts\/3362","targetHints":{"allow":["GET"]}}],"collection":[{"href":"https:\/\/kolo-nowaruda.klodzko.pttk.pl\/index.php\/wp-json\/wp\/v2\/posts"}],"about":[{"href":"https:\/\/kolo-nowaruda.klodzko.pttk.pl\/index.php\/wp-json\/wp\/v2\/types\/post"}],"author":[{"embeddable":true,"href":"https:\/\/kolo-nowaruda.klodzko.pttk.pl\/index.php\/wp-json\/wp\/v2\/users\/141"}],"replies":[{"embeddable":true,"href":"https:\/\/kolo-nowaruda.klodzko.pttk.pl\/index.php\/wp-json\/wp\/v2\/comments?post=3362"}],"version-history":[{"count":0,"href":"https:\/\/kolo-nowaruda.klodzko.pttk.pl\/index.php\/wp-json\/wp\/v2\/posts\/3362\/revisions"}],"wp:attachment":[{"href":"https:\/\/kolo-nowaruda.klodzko.pttk.pl\/index.php\/wp-json\/wp\/v2\/media?parent=3362"}],"wp:term":[{"taxonomy":"category","embeddable":true,"href":"https:\/\/kolo-nowaruda.klodzko.pttk.pl\/index.php\/wp-json\/wp\/v2\/categories?post=3362"},{"taxonomy":"post_tag","embeddable":true,"href":"https:\/\/kolo-nowaruda.klodzko.pttk.pl\/index.php\/wp-json\/wp\/v2\/tags?post=3362"}],"curies":[{"name":"wp","href":"https:\/\/api.w.org\/{rel}","templated":true}]}}