{"id":3363,"date":"2015-03-21T00:00:00","date_gmt":"2015-03-20T22:00:00","guid":{"rendered":""},"modified":"-0001-11-30T00:00:00","modified_gmt":"-0001-11-29T22:00:00","slug":"pierwszy-dzien-wiosny-w-gorach-suchych","status":"publish","type":"post","link":"https:\/\/kolo-nowaruda.klodzko.pttk.pl\/index.php\/2015\/03\/21\/pierwszy-dzien-wiosny-w-gorach-suchych\/","title":{"rendered":"Pierwszy dzie\u0144 wiosny w G\u00f3rach Suchych"},"content":{"rendered":"<p>21 marca 2015r. &#8211; pierwszy dzie\u0144 wiosny, a dla noworudzkich w\u0119drowc\u00f3w kolejna okazja do wypadu w g\u00f3ry. Dzi\u0119ki inicjatywie SKKT ze Szko\u0142y Podstawowej nr 3 im. Josepha Wittiga w Nowej Rudzie pod kierunkiem kol. Karola Maliszewskiego, kol. Izabeli Muller i ko. Edwarda Lady tym razem w\u0119drowali\u015bmy po G\u00f3rach Suchych.<\/p>\n<p>Grup\u0119 ponad 30 os\u00f3b do \u0141omnicy k\/G\u0142uszycy zawi\u00f3z\u0142 wypr\u00f3bowany przewo\u017anik z firmy &#8222;Smilebus Gorczyca&#8221;. Z \u0141omnicy pow\u0119drowali\u015bmy droga wiodaca wzd\u0142u\u017c potoku Z\u0142ota Woda a\u017c do samej granicy pa\u0144stwa, u st\u00f3p wzniesienia Granicznik. Po kr\u00f3tkim odpoczynku wi\u0119kszo\u015b\u0107 odwa\u017cnych turyst\u00f3w zdecydowa\u0142a si\u0119 wspia\u0107 po lekko oblodzonym stoku na szczyt Ruprechtickiego Spicaka, gdzie mo\u017cna by\u0142o wej\u015b\u0107 na wie\u017c\u0119 widokowa.<br \/>Po zej\u015bciu z wie\u017cy zdecydowali\u015bmy si\u0119 na tradycyjne ognisko w r\u00f3wnie tradycyjnym miejscu, tj. w okolicach wiaty granicznej. Po ognisku dalsza trasa wiod\u0142a szlakiem rowerowym (troch\u0119 oblodzonym) do schroniska w Prze\u0142\u0119czy Trzech Dolin, czyli popularnej &#8222;Andrzej\u00f3wce&#8221;. W schronisku oczywi\u015bcie konkurs. Po rozdaniu nagr\u00f3d pora na powr\u00f3t. Tym razem szlakiem je\u017adzieckim w kierunku osiedla Trzy Strugi i wreszcie na punkt ko\u0144cowy w \u0141omnicy.<br \/>Wiosna w dolinach w pe\u0142ni, kwitna ju\u017c pierwsze kwiaty, ale wy\u017cej zima broni si\u0119 zaciekle. Mimo to mo\u017cna ju\u017c do\u015b\u0107 spokojnie w\u0119drowa\u0107 po pokr\u0119conych szlakach G\u00f3r Suchych.<br \/>Za wycieczk\u0119, zdj\u0119cia i nagrody &#8211; serdecznie dzi\u0119kujemy pomys\u0142odawcom i organizatorom.<\/p>\n<p><strong>Wz\u00f3r wype\u0142nienia ksia\u017ceczki GOT<\/strong><\/p>\n<table style=\"width: 100%;\" border=\"1\" cellspacing=\"0\" cellpadding=\"0\">\n<tbody>\n<tr>\n<td width=\"21%\">\n<p align=\"center\">Data<br \/>odbycia<br \/>wycieczki<\/p>\n<\/td>\n<td width=\"35%\">\n<p align=\"center\">Trasa wycieczki<\/p>\n<\/td>\n<td width=\"24%\">\n<p align=\"center\">Nr grupy<br \/>g\u00f3rskiej<br \/>wg reg. GOT<\/p>\n<\/td>\n<td width=\"18%\">\n<p align=\"center\">Punkt\u00f3w<br \/>wg reg.GOT<\/p>\n<\/td>\n<td>Czy przodownik by\u0142 obecny ?<\/td>\n<\/tr>\n<tr>\n<td width=\"21%\">\n<p align=\"center\">21.03.2015<\/p>\n<\/td>\n<td style=\"text-align: center;\" width=\"35%\">\u0141omnica-Ruprechticky Spicak-&#8222;Andrzej\u00f3wka&#8221;-\u0141omnica<\/p>\n<p align=\"center\">(15km, 400m)<\/p>\n<\/td>\n<td width=\"24%\">\n<p align=\"center\">S.09<\/p>\n<\/td>\n<td width=\"18%\">\n<p align=\"center\">19<\/p>\n<\/td>\n<td>nie<\/td>\n<\/tr>\n<\/tbody>\n<\/table>\n","protected":false},"excerpt":{"rendered":"<p>21 marca 2015r. &#8211; pierwszy dzie\u0144 wiosny, a dla noworudzkich w\u0119drowc\u00f3w kolejna okazja do wypadu w g\u00f3ry. Dzi\u0119ki inicjatywie SKKT ze Szko\u0142y Podstawowej nr 3 im. Josepha Wittiga w Nowej Rudzie pod kierunkiem kol. Karola Maliszewskiego, kol. Izabeli Muller i ko. Edwarda Lady tym razem w\u0119drowali\u015bmy po G\u00f3rach Suchych. Grup\u0119 ponad 30 os\u00f3b do \u0141omnicy [&hellip;]<\/p>\n","protected":false},"author":141,"featured_media":0,"comment_status":"closed","ping_status":"closed","sticky":false,"template":"","format":"standard","meta":{"ngg_post_thumbnail":0,"footnotes":""},"categories":[],"tags":[],"class_list":["post-3363","post","type-post","status-publish","format-standard","hentry"],"_links":{"self":[{"href":"https:\/\/kolo-nowaruda.klodzko.pttk.pl\/index.php\/wp-json\/wp\/v2\/posts\/3363","targetHints":{"allow":["GET"]}}],"collection":[{"href":"https:\/\/kolo-nowaruda.klodzko.pttk.pl\/index.php\/wp-json\/wp\/v2\/posts"}],"about":[{"href":"https:\/\/kolo-nowaruda.klodzko.pttk.pl\/index.php\/wp-json\/wp\/v2\/types\/post"}],"author":[{"embeddable":true,"href":"https:\/\/kolo-nowaruda.klodzko.pttk.pl\/index.php\/wp-json\/wp\/v2\/users\/141"}],"replies":[{"embeddable":true,"href":"https:\/\/kolo-nowaruda.klodzko.pttk.pl\/index.php\/wp-json\/wp\/v2\/comments?post=3363"}],"version-history":[{"count":0,"href":"https:\/\/kolo-nowaruda.klodzko.pttk.pl\/index.php\/wp-json\/wp\/v2\/posts\/3363\/revisions"}],"wp:attachment":[{"href":"https:\/\/kolo-nowaruda.klodzko.pttk.pl\/index.php\/wp-json\/wp\/v2\/media?parent=3363"}],"wp:term":[{"taxonomy":"category","embeddable":true,"href":"https:\/\/kolo-nowaruda.klodzko.pttk.pl\/index.php\/wp-json\/wp\/v2\/categories?post=3363"},{"taxonomy":"post_tag","embeddable":true,"href":"https:\/\/kolo-nowaruda.klodzko.pttk.pl\/index.php\/wp-json\/wp\/v2\/tags?post=3363"}],"curies":[{"name":"wp","href":"https:\/\/api.w.org\/{rel}","templated":true}]}}