{"id":3370,"date":"2015-05-02T00:00:00","date_gmt":"2015-05-01T22:00:00","guid":{"rendered":""},"modified":"-0001-11-30T00:00:00","modified_gmt":"-0001-11-29T22:00:00","slug":"piknik-pod-wlodzicka-gora","status":"publish","type":"post","link":"https:\/\/kolo-nowaruda.klodzko.pttk.pl\/index.php\/2015\/05\/02\/piknik-pod-wlodzicka-gora\/","title":{"rendered":"Piknik pod W\u0142odzicka G\u00f3ra"},"content":{"rendered":"<p>W dzie\u0144 Flagi Rzeczpospolitej Polskiej grupa Gwark\u00f3w postanowi\u0142a zdoby\u0107 W\u0142odzicka G\u00f3r\u0119 757 m npm ,zaliczana do Korony Sudet\u00f3w Polskich oraz do odznaki regionalnej &#8222;Wie\u017ce Widokowe Ziemi K\u0142odzkiej\u201d.<\/p>\n<p>Pierwszym zaskoczeniem by\u0142o ukwiecenie bia\u0142ymi kwiatkami noworudzkich peron\u00f3w. W \u015awierkach &#8222;Najpierw powoli jak \u017c\u00f3\u0142w oci\u0119\u017cale, ruszy\u0142a maszyna turyst\u00f3w ospale\u201d, lecz Malina z Ewa ruszy\u0142y z kopyta, by po chwili by\u0107 ju\u017c na samym szczycie W\u0142odzickiej Wie\u017cy. Maj\u00f3wk\u0119 pod wie\u017ca czas by\u0142o zacza\u0107: kie\u0142baski, herbata, kawa (J\u0119drek tacha\u0142 czajnik, wod\u0119, grilla, i 2 wiernych towarzyszy Lucka i Tol\u0119, &#8222;nowych cz\u0142onk\u00f3w ko\u0142a\u201d). Z majowym humorem ruszyli\u015bmy w dalsza drog\u0119, przez Kr\u0119piec w stron\u0119 domu. G\u00f3ry Sowie podziwiali\u015bmy w ca\u0142ej krasie, a wie\u017ca na Wielkiej Sowie b\u0142yszcza\u0142a w s\u0142o\u0144cu z daleka. Ca\u0142a trasa urzeka\u0142a nas swoim pi\u0119knem, w\u0142acznie z pi\u0119kna panorama Nowej Rudy z Sokolego Stoku. Co mi\u0142e i dobre si\u0119 szybko ko\u0144czy, wi\u0119c po doj\u015bciu do rynku rozeszli\u015bmy si\u0119 do dom\u00f3w, z zapewnieniem spotkania si\u0119 na nast\u0119pnej wycieczce.<\/p>\n<p>Zapraszamy.<\/p>\n<p>Gwarkowie<\/p>\n<p><strong>Wz\u00f3r wype\u0142nienia ksia\u017ceczki GOT:<\/strong><\/p>\n<table border=\"0\" frame=\"box\" rules=\"all\">\n<tbody>\n<tr>\n<td>\n<p>Data<br \/>odbycia<br \/>wycieczki<\/p>\n<\/td>\n<td>Trasa wycieczki<\/td>\n<td>Nr grupy<br \/>g\u00f3rskiej<br \/>wg reg. GOT<\/td>\n<td>Punkt\u00f3w<br \/>wg reg.<br \/>GOT<\/td>\n<td>Czy<br \/>przodownik<br \/>by\u0142 obecny<\/td>\n<td>Podpis i nr legitymacji<br \/>przodownika turystyki<br \/>g\u00f3rskiej<\/td>\n<\/tr>\n<tr>\n<td>02.04.2015<\/td>\n<td>\u015awierki-W\u0142odzicka G\u00f3ra<\/td>\n<td>S11<\/td>\n<td>3<\/td>\n<td>nie<\/td>\n<td><\/td>\n<\/tr>\n<tr>\n<td>02.04.2015<\/td>\n<td>W\u0142odzicka G\u00f3ra-Kr\u0119piec<\/td>\n<td>S11<\/td>\n<td>5<\/td>\n<td>nie<\/td>\n<td><\/td>\n<\/tr>\n<tr>\n<td>02.04.2015<\/td>\n<td>Kr\u0119piec-Nowa Ruda<\/td>\n<td>S11<\/td>\n<td>3<\/td>\n<td>nie<\/td>\n<td><\/td>\n<\/tr>\n<\/tbody>\n<\/table>\n","protected":false},"excerpt":{"rendered":"<p>W dzie\u0144 Flagi Rzeczpospolitej Polskiej grupa Gwark\u00f3w postanowi\u0142a zdoby\u0107 W\u0142odzicka G\u00f3r\u0119 757 m npm ,zaliczana do Korony Sudet\u00f3w Polskich oraz do odznaki regionalnej &#8222;Wie\u017ce Widokowe Ziemi K\u0142odzkiej\u201d. Pierwszym zaskoczeniem by\u0142o ukwiecenie bia\u0142ymi kwiatkami noworudzkich peron\u00f3w. W \u015awierkach &#8222;Najpierw powoli jak \u017c\u00f3\u0142w oci\u0119\u017cale, ruszy\u0142a maszyna turyst\u00f3w ospale\u201d, lecz Malina z Ewa ruszy\u0142y z kopyta, by po [&hellip;]<\/p>\n","protected":false},"author":141,"featured_media":0,"comment_status":"closed","ping_status":"closed","sticky":false,"template":"","format":"standard","meta":{"ngg_post_thumbnail":0,"footnotes":""},"categories":[],"tags":[],"class_list":["post-3370","post","type-post","status-publish","format-standard","hentry"],"_links":{"self":[{"href":"https:\/\/kolo-nowaruda.klodzko.pttk.pl\/index.php\/wp-json\/wp\/v2\/posts\/3370","targetHints":{"allow":["GET"]}}],"collection":[{"href":"https:\/\/kolo-nowaruda.klodzko.pttk.pl\/index.php\/wp-json\/wp\/v2\/posts"}],"about":[{"href":"https:\/\/kolo-nowaruda.klodzko.pttk.pl\/index.php\/wp-json\/wp\/v2\/types\/post"}],"author":[{"embeddable":true,"href":"https:\/\/kolo-nowaruda.klodzko.pttk.pl\/index.php\/wp-json\/wp\/v2\/users\/141"}],"replies":[{"embeddable":true,"href":"https:\/\/kolo-nowaruda.klodzko.pttk.pl\/index.php\/wp-json\/wp\/v2\/comments?post=3370"}],"version-history":[{"count":0,"href":"https:\/\/kolo-nowaruda.klodzko.pttk.pl\/index.php\/wp-json\/wp\/v2\/posts\/3370\/revisions"}],"wp:attachment":[{"href":"https:\/\/kolo-nowaruda.klodzko.pttk.pl\/index.php\/wp-json\/wp\/v2\/media?parent=3370"}],"wp:term":[{"taxonomy":"category","embeddable":true,"href":"https:\/\/kolo-nowaruda.klodzko.pttk.pl\/index.php\/wp-json\/wp\/v2\/categories?post=3370"},{"taxonomy":"post_tag","embeddable":true,"href":"https:\/\/kolo-nowaruda.klodzko.pttk.pl\/index.php\/wp-json\/wp\/v2\/tags?post=3370"}],"curies":[{"name":"wp","href":"https:\/\/api.w.org\/{rel}","templated":true}]}}