{"id":3373,"date":"2015-05-16T00:00:00","date_gmt":"2015-05-15T22:00:00","guid":{"rendered":""},"modified":"-0001-11-30T00:00:00","modified_gmt":"-0001-11-29T22:00:00","slug":"gss-czv-dziewanna-i-ten-tego-z-tym-tam-gwarkowie-szturmuja-sudety-czyli-gss-po-raz-piaty","status":"publish","type":"post","link":"https:\/\/kolo-nowaruda.klodzko.pttk.pl\/index.php\/2015\/05\/16\/gss-czv-dziewanna-i-ten-tego-z-tym-tam-gwarkowie-szturmuja-sudety-czyli-gss-po-raz-piaty\/","title":{"rendered":"<img src=\"images\/stories\/szlak_czerwony.png\"> (cz.V) Dziewanna i ten tego z tym tam. Gwarkowie Szturmuja Sudety, czyli GSS po raz piaty."},"content":{"rendered":"<p>S\u0142oneczny i ciep\u0142y weekend 16 i 17 maja 2015r. wreszcie nadszed\u0142. Buty i kijki \u015bpiace smacznie od ostatnich podboj\u00f3w G\u00f3r Kruczych zosta\u0142y brutalnie zbudzone o \u015bwicie. Pora wr\u00f3ci\u0107 na szlak. Tym razem pod wieloosobowym przewodnictwem z g\u0142\u00f3wnym akcentem na kol. Witka Telusa (ministerstwo finans\u00f3w i transportu), kol. Edwarda Lad\u0119 (ministerstwo nauki i szkolnictwa wy\u017cszego), kol. Andrzeja Wi\u015bniewskiego (ministerstwo rozwoju regionalnego i ministerstwo zdrowia) oraz kol. Roberta Doma\u0144skiego (ministerstwo kultury i sztuki).<\/p>\n<p>Wyruszyli\u015bmy z samego rana do Grz\u0119d G\u00f3rnych, po drodze &#8222;wpadajac&#8221; na chwil\u0119 do &#8222;Andrzej\u00f3wki&#8221;, gdzie do\u0142aczy\u0142a do naszej 16-osobowej grupy wierna uczestniczka z Wroc\u0142awia. Na szlak uda\u0142o si\u0119 wej\u015b\u0107 oko\u0142o 9:00.<\/p>\n<p>Pierwsze kroki to niezbyt m\u0119czace wej\u015bcie na szczyt Lesistej Wielkiej (851m). Powolutku zdobywali\u015bmy kolejne metry podej\u015bcia, co raz podziwiajac wyjatkowo malownicze widoki (ze szczeg\u00f3lnym uwzgl\u0119dnieniem \u015anie\u017cki i takich tam&#8230; tego&#8230;). Na szczycie powa\u017cne wyzwanie detektywistyczne &#8211; gdzie si\u0119 schowa\u0142y szczeliny wiatrowe? Obeszli\u015bmy okolice szczytu dooko\u0142a wypatrujac czego\u015b zbli\u017conego do szczelin, ale&#8230; no chyba si\u0119 zapad\u0142y pod ziemi\u0119. Nie uda\u0142o si\u0119 i ju\u017c. No chyba, \u017ce szczeliny to ten z tym tam, ale nie to tu tylko ten obok.<\/p>\n<p>Ze szczytu Lesistej Wielkiej zrazu \u0142agodnie, potem znacznie mniej \u0142agodnie, a pod koniec to ca\u0142kiem ostro w d\u00f3\u0142 &#8211; w kierunku zabudowa\u0144 \u0141ugowiny (dzi\u015b to ju\u017c osiedle Mieroszowa). Szlak sprowadzi\u0142 nas wprost w go\u015bcinne obj\u0119cia &#8222;Edenu&#8221;. Og\u00f3rkowej nie by\u0142o, ale by\u0142 kot i zimne piwo. I te\u017c dobrze. Dalej troch\u0119 ma\u0142o ciekawie droga do Soko\u0142owska. Po dotarciu do uzdrowiska rol\u0119 przewodnika przeja\u0142 kol. Edward Lada i oprowadzi\u0142 nas po zabudowaniach dawnego uzdrowiska a tak\u017ce przedstawi\u0142 ma\u0142a cerkiewk\u0119 w sercu Soko\u0142owska. Po do\u015b\u0107 d\u0142ugiej wizycie zeszli\u015bmy zn\u00f3w na szlak i pow\u0119drowali\u015bmy w kierunku gro\u017anie spi\u0119trzonego masywu Bukowca (886m). Trzeba przyzna\u0107, \u017ce ta g\u00f3ra naprawd\u0119 daje si\u0119 we znaki. Najpierw bardzo d\u0142ugie i bardzo strome wej\u015bcie waska \u015bcie\u017cka w\u015br\u00f3d kamieni, a potem wijace si\u0119 w\u015br\u00f3d ska\u0142 zej\u015bcie po kamienistych stokach. Do schroniska &#8222;Andrzej\u00f3wka&#8221; dotarli\u015bmy tu\u017c przed 18:00, bardzo mocno zm\u0119czeni. Pyszny posi\u0142ek jednak wr\u00f3ci\u0142 nam si\u0142y, tak, \u017ce ju\u017c przy rozgrywkach w ko\u015bci czas p\u0142yna\u0142 niepostrze\u017cenie. P\u00f3\u0142noc jednak pogna\u0142a nas do snu.<\/p>\n<p>Rano w niedziel\u0119 &#8211; \u015bniadanie i w drog\u0119. Tym razem du\u017co \u0142agodniejszy poczatek. Wej\u015bcie na Klina (869m), potem Turzyn\u0119 (893m) i wreszcie dotarli\u015bmy do Skalnej Bramy, gdzie uda\u0142o si\u0119 zrobi\u0107 d\u0142u\u017cszy post\u00f3j z ogniskiem. Ze Skalnej Bramy \u015bcie\u017cka sprowadzi\u0142a nas d\u0142uga, stroma i kr\u0119ta le\u015bna \u015bcie\u017cka a\u017c do zabudowa\u0144 Rybnicy Ma\u0142ej. Z Rybnicy Ma\u0142ej zn\u00f3w mocno w g\u00f3r\u0119 &#8211; na Prze\u0142\u0119cz pod Wawrzyniakiem (568m) i ponownie w d\u00f3\u0142, stromo i trudno &#8211; do stacji kolejowej Jedlina Zdr\u00f3j. Ze stacji ju\u017c \u0142agodnie do Jedlinki i szybka decyzja &#8211; idziemy zwiedza\u0107 okolice Pa\u0142acu Jedlinka. Najlepsza cz\u0119\u015bcia zamku okaza\u0142 si\u0119 jednak nowiutki minibrowar, gdzie doczekali\u015bmy na transport powrotny.<\/p>\n<p>Wszystko co mi\u0142e si\u0119 jednak ko\u0144czy. Nast\u0119pny krok to ju\u017c znane i lubiane G\u00f3ry Sowie. Zapraszamy ju\u017c dzi\u015b na etap VI naszej w\u0119dr\u00f3wki. Planowany termin to 27 i 28 czerwca 2015r. Trasa b\u0119dzie d\u0142uga, ale chyba nie tak m\u0119czaca jak w G\u00f3rach Suchych. Planujemy ambitnie dotrze\u0107 z Jedlinki a\u017c do Prze\u0142\u0119czy Srebrnej, z przerwa na Prze\u0142\u0119czy Jugowskiej.<\/p>\n<p>Tak \u017ce, ten, tego&#8230;<\/p>\n<p><em>Ten z tym tam, ale nie ten od tamtego.<\/em><\/p>\n<p><strong>Wz\u00f3r wype\u0142nienia ksia\u017ceczki GOT:<\/strong><\/p>\n<table border=\"0\" frame=\"box\" rules=\"all\">\n<tbody>\n<tr>\n<td>\n<p>Data<br \/>odbycia<br \/>wycieczki<\/p>\n<\/td>\n<td>Trasa wycieczki<\/td>\n<td>Nr grupy<br \/>g\u00f3rskiej<br \/>wg reg. GOT<\/td>\n<td>Punkt\u00f3w<br \/>wg reg.<br \/>GOT<\/td>\n<td>Czy<br \/>przodownik<br \/>by\u0142 obecny<\/td>\n<td>Podpis i nr legitymacji<br \/>przodownika turystyki<br \/>g\u00f3rskiej<\/td>\n<\/tr>\n<tr>\n<td>16.05.2015<\/td>\n<td>Grz\u0119dy-Lesista Wielka<\/td>\n<td>S09<\/td>\n<td>10<\/td>\n<td>nie<\/td>\n<td><\/td>\n<\/tr>\n<tr>\n<td>16.05.2015<\/td>\n<td>Lesista Wielka-\u0141ugowina<\/td>\n<td>S09<\/td>\n<td>3<\/td>\n<td>nie<\/td>\n<td><\/td>\n<\/tr>\n<tr>\n<td>16.05.2015<\/td>\n<td>\u0141ugowina-Soko\u0142owsko<\/td>\n<td>S09<\/td>\n<td>2<\/td>\n<td>nie<\/td>\n<td><\/td>\n<\/tr>\n<tr>\n<td>16.05.2015<\/td>\n<td>Soko\u0142owsko-Bukowiec<\/td>\n<td>S09<\/td>\n<td>5<\/td>\n<td>nie<\/td>\n<td><\/td>\n<\/tr>\n<tr>\n<td>16.05.2015<\/td>\n<td>Bukowiec-Schr. PTTK &#8222;Andrzej\u00f3wka&#8221;<\/td>\n<td>S09<\/td>\n<td>2<\/td>\n<td>nie<\/td>\n<td><\/td>\n<\/tr>\n<tr>\n<td>17.05.2015<\/td>\n<td>Schr. PTTK &#8222;Andrzej\u00f3wka&#8221;-Rogowiec (p. Turzyn\u0119)<\/td>\n<td>S09<\/td>\n<td>5<\/td>\n<td>nie<\/td>\n<td><\/td>\n<\/tr>\n<tr>\n<td>17.05.2015<\/td>\n<td>Rogowiec-Rybnica Ma\u0142a<\/td>\n<td>S09<\/td>\n<td>2<\/td>\n<td>nie<\/td>\n<td><\/td>\n<\/tr>\n<tr>\n<td>17.05.2015<\/td>\n<td>Rybnica Ma\u0142a-Prze\u0142. pod Wawrzyniakiem<\/td>\n<td>S09<\/td>\n<td>3<\/td>\n<td>nie<\/td>\n<td><\/td>\n<\/tr>\n<tr>\n<td>17.05.2015<\/td>\n<td>Prze\u0142. pod Wawrzyniakiem-Jedlina Zdr\u00f3j<\/td>\n<td>S09<\/td>\n<td>2<\/td>\n<td>nie<\/td>\n<td><\/td>\n<\/tr>\n<\/tbody>\n<\/table>\n","protected":false},"excerpt":{"rendered":"<p>S\u0142oneczny i ciep\u0142y weekend 16 i 17 maja 2015r. wreszcie nadszed\u0142. Buty i kijki \u015bpiace smacznie od ostatnich podboj\u00f3w G\u00f3r Kruczych zosta\u0142y brutalnie zbudzone o \u015bwicie. Pora wr\u00f3ci\u0107 na szlak. Tym razem pod wieloosobowym przewodnictwem z g\u0142\u00f3wnym akcentem na kol. Witka Telusa (ministerstwo finans\u00f3w i transportu), kol. Edwarda Lad\u0119 (ministerstwo nauki i szkolnictwa wy\u017cszego), kol. [&hellip;]<\/p>\n","protected":false},"author":141,"featured_media":0,"comment_status":"closed","ping_status":"closed","sticky":false,"template":"","format":"standard","meta":{"ngg_post_thumbnail":0,"footnotes":""},"categories":[],"tags":[],"class_list":["post-3373","post","type-post","status-publish","format-standard","hentry"],"_links":{"self":[{"href":"https:\/\/kolo-nowaruda.klodzko.pttk.pl\/index.php\/wp-json\/wp\/v2\/posts\/3373","targetHints":{"allow":["GET"]}}],"collection":[{"href":"https:\/\/kolo-nowaruda.klodzko.pttk.pl\/index.php\/wp-json\/wp\/v2\/posts"}],"about":[{"href":"https:\/\/kolo-nowaruda.klodzko.pttk.pl\/index.php\/wp-json\/wp\/v2\/types\/post"}],"author":[{"embeddable":true,"href":"https:\/\/kolo-nowaruda.klodzko.pttk.pl\/index.php\/wp-json\/wp\/v2\/users\/141"}],"replies":[{"embeddable":true,"href":"https:\/\/kolo-nowaruda.klodzko.pttk.pl\/index.php\/wp-json\/wp\/v2\/comments?post=3373"}],"version-history":[{"count":0,"href":"https:\/\/kolo-nowaruda.klodzko.pttk.pl\/index.php\/wp-json\/wp\/v2\/posts\/3373\/revisions"}],"wp:attachment":[{"href":"https:\/\/kolo-nowaruda.klodzko.pttk.pl\/index.php\/wp-json\/wp\/v2\/media?parent=3373"}],"wp:term":[{"taxonomy":"category","embeddable":true,"href":"https:\/\/kolo-nowaruda.klodzko.pttk.pl\/index.php\/wp-json\/wp\/v2\/categories?post=3373"},{"taxonomy":"post_tag","embeddable":true,"href":"https:\/\/kolo-nowaruda.klodzko.pttk.pl\/index.php\/wp-json\/wp\/v2\/tags?post=3373"}],"curies":[{"name":"wp","href":"https:\/\/api.w.org\/{rel}","templated":true}]}}